{"id":20343,"date":"2021-03-06T14:26:28","date_gmt":"2021-03-06T19:26:28","guid":{"rendered":"http:\/\/www.perupesquero.org\/web\/?p=20343"},"modified":"2021-03-06T14:26:29","modified_gmt":"2021-03-06T19:26:29","slug":"reserva-de-galapagos-en-el-foco-de-un-polemico-canje-de-deuda-en-ecuador","status":"publish","type":"post","link":"http:\/\/www.perupesquero.org\/web\/reserva-de-galapagos-en-el-foco-de-un-polemico-canje-de-deuda-en-ecuador\/","title":{"rendered":"Reserva de Gal\u00e1pagos en el foco de un pol\u00e9mico canje de deuda en Ecuador"},"content":{"rendered":"\n<p>La Reserva Marina de Gal\u00e1pagos es el centro de una iniciativa que enfrenta al sector pesquero ecuatoriano y a conservacionistas, que proponen un canje de deuda soberana de US$ 1,000 millones a cambio de ampliar en 312,000 kil\u00f3metros cuadrados la actual \u00e1rea protegida en torno al archipi\u00e9lago.<\/p>\n\n\n\n<p>\u201cRechazamos enf\u00e1ticamente esta propuesta que viola la Constituci\u00f3n y nuestros derechos. Ecuador no puede vender parte de su territorio mar\u00edtimo\u201d, manifest\u00f3 Grace Unda, vicepresidenta de la Cooperativa de Pesca Copes y representante de la comunidad artesanal pesquera del Ecuador.<\/p>\n\n\n\n<p>Lo hizo el \u00faltimo martes en una rueda de prensa virtual en la que intervinieron las principales cooperativas de pesca artesanal de Ecuador, adem\u00e1s de la C\u00e1mara Nacional de Pesquer\u00eda (CNP), la Asociaci\u00f3n de Atuneros del Ecuador y la Asociaci\u00f3n de Producci\u00f3n Pesquera de Armadores de Manta (Asoaman), entre otros representantes del sector.<\/p>\n\n\n\n<p>Industria pesquera movilizada<\/p>\n\n\n\n<p>La industria pesquera del pa\u00eds censur\u00f3 una iniciativa presentada recientemente al presidente, Len\u00edn Moreno, para ampliar las restricciones a la pesca en torno a las Gal\u00e1pagos a cambio de reducir la deuda del pa\u00eds.<\/p>\n\n\n\n<p>Unda calific\u00f3 la propuesta de \u201cintereses internacionales y nacionales maquillados como un beneficio para el pa\u00eds\u201d, que a la postre, \u201ccondicionar\u00e1n nuestra soberan\u00eda\u201d.<\/p>\n\n\n\n<p>Y alert\u00f3 sobre la problem\u00e1tica que entra\u00f1ar\u00eda negociar un canje as\u00ed que, a su juicio, \u201cpondr\u00eda en riesgo la sostenibilidad de la pesca en Ecuador\u201d.<\/p>\n\n\n\n<p>Como argumentos, industriales y representantes de la pesca a menor escala sostienen que cualquier decisi\u00f3n del Estado sobre las aguas insulares ecuatorianas debe ser avalada por estudios t\u00e9cnicos, ambientales y econ\u00f3micos, y no ser una \u201cimposici\u00f3n desde actores extranjeros\u201d.<\/p>\n\n\n\n<p>El sector genera m\u00e1s de US$ 1,600 millones en divisas y es el principal en exportaciones no petroleras del pa\u00eds e interesado en asegurar buenas pr\u00e1cticas para evitar ver reducidas sus capturas.<\/p>\n\n\n\n<p>Aducen que Ecuador tiene la segunda mayor reserva marina de la regi\u00f3n, y que esas \u00e1reas equivalen al 13.3% de las aguas de las zonas Econ\u00f3micas Exclusivas (ZEE), que comprenden 200 millas desde la costa.<\/p>\n\n\n\n<p>La propuesta busca ampliar el \u00e1rea protegida de los actuales 133,000 kil\u00f3metros cuadrados a 445,000.<\/p>\n\n\n\n<p>El gerente para Am\u00e9rica Latina de Island Conservation y portavoz de la ONG local M\u00e1s Gal\u00e1pagos, Eli\u00e9cer Cruz, confirm\u00f3 que recientemente una alianza de organizaciones ambientalistas entreg\u00f3 al presidente ecuatoriano la propuesta y que esta ser\u00eda analizada por varios ministros, entre estos, los de Pesca y Ambiente.<\/p>\n\n\n\n<p>Incluye permitir la pesca en el suroeste del archipi\u00e9lago, pero sobre todo, asegurar la protecci\u00f3n de especies end\u00e9micas y en peligro como tiburones y tortugas.<\/p>\n\n\n\n<p>\u201cEstamos buscando mecanismos financieros alternativos en caso de que se declare la nueva \u00e1rea marina protegida\u201d, refiri\u00f3 Cruz.<\/p>\n\n\n\n<p>La propuesta incluye recursos para que la Armada ecuatoriana pueda patrullar y controlar una eventual zona ampliada protegida.<\/p>\n\n\n\n<p>Fuente: gestion.pe<\/p>\n","protected":false},"excerpt":{"rendered":"<p>La Reserva Marina de Gal\u00e1pagos es el centro de una iniciativa que enfrenta al sector pesquero ecuatoriano y a conservacionistas, que proponen un canje de deuda soberana de US$ 1,000 millones a cambio de ampliar en 312,000 kil\u00f3metros cuadrados la actual \u00e1rea protegida en torno al archipi\u00e9lago. \u201cRechazamos enf\u00e1ticamente esta propuesta que viola la Constituci\u00f3n [&hellip;]<\/p>\n","protected":false},"author":2,"featured_media":20344,"comment_status":"open","ping_status":"open","sticky":false,"template":"","format":"standard","meta":{"footnotes":""},"categories":[77,63],"tags":[],"class_list":["post-20343","post","type-post","status-publish","format-standard","has-post-thumbnail","hentry","category-internacionales","category-noticias"],"_links":{"self":[{"href":"http:\/\/www.perupesquero.org\/web\/wp-json\/wp\/v2\/posts\/20343","targetHints":{"allow":["GET"]}}],"collection":[{"href":"http:\/\/www.perupesquero.org\/web\/wp-json\/wp\/v2\/posts"}],"about":[{"href":"http:\/\/www.perupesquero.org\/web\/wp-json\/wp\/v2\/types\/post"}],"author":[{"embeddable":true,"href":"http:\/\/www.perupesquero.org\/web\/wp-json\/wp\/v2\/users\/2"}],"replies":[{"embeddable":true,"href":"http:\/\/www.perupesquero.org\/web\/wp-json\/wp\/v2\/comments?post=20343"}],"version-history":[{"count":1,"href":"http:\/\/www.perupesquero.org\/web\/wp-json\/wp\/v2\/posts\/20343\/revisions"}],"predecessor-version":[{"id":20345,"href":"http:\/\/www.perupesquero.org\/web\/wp-json\/wp\/v2\/posts\/20343\/revisions\/20345"}],"wp:featuredmedia":[{"embeddable":true,"href":"http:\/\/www.perupesquero.org\/web\/wp-json\/wp\/v2\/media\/20344"}],"wp:attachment":[{"href":"http:\/\/www.perupesquero.org\/web\/wp-json\/wp\/v2\/media?parent=20343"}],"wp:term":[{"taxonomy":"category","embeddable":true,"href":"http:\/\/www.perupesquero.org\/web\/wp-json\/wp\/v2\/categories?post=20343"},{"taxonomy":"post_tag","embeddable":true,"href":"http:\/\/www.perupesquero.org\/web\/wp-json\/wp\/v2\/tags?post=20343"}],"curies":[{"name":"wp","href":"https:\/\/api.w.org\/{rel}","templated":true}]}}