{"id":20125,"date":"2021-02-25T07:40:18","date_gmt":"2021-02-25T12:40:18","guid":{"rendered":"http:\/\/www.perupesquero.org\/web\/?p=20125"},"modified":"2021-02-25T07:40:19","modified_gmt":"2021-02-25T12:40:19","slug":"wwf-protegiendo-el-30-de-especies-del-mediterraneo-como-el-mero-la-merluza-y-el-atun-rojo-multiplicarian-su-biomasa","status":"publish","type":"post","link":"http:\/\/www.perupesquero.org\/web\/wwf-protegiendo-el-30-de-especies-del-mediterraneo-como-el-mero-la-merluza-y-el-atun-rojo-multiplicarian-su-biomasa\/","title":{"rendered":"WWF: Protegiendo el 30 % de especies del Mediterr\u00e1neo  como el mero, la merluza y el at\u00fan rojo multiplicar\u00edan su biomasa"},"content":{"rendered":"\n<p>Protegiendo el 30 % del Mediterr\u00e1neo se contendr\u00eda la disminuci\u00f3n de especies y la p\u00e9rdida de biodiversidad marina. As\u00ed lo constata un estudio realizado por WWF en colaboraci\u00f3n con cient\u00edficos del CNRS-CRIOBE franc\u00e9s, la Iniciativa Internacional Ecopath y el ICM-CSIC espa\u00f1ol que indica en su an\u00e1lisis que en la zona occidental, con una protecci\u00f3n efectiva, la biomasa de especies depredadoras como los tiburones podr\u00eda aumentar hasta en un 45 %, la de especies comerciales como el mero en un 50 % y la de la merluza europea podr\u00eda duplicarse. Incluso el at\u00fan rojo, la poblaci\u00f3n m\u00e1s emblem\u00e1tica y comercialmente valiosa del Mediterr\u00e1neo, recuperar\u00eda potencialmente su biomasa a un aumento r\u00e9cord de hasta un 140 %\u201d.<\/p>\n\n\n\n<p>El Mediterr\u00e1neo es uno de los mares econ\u00f3micamente m\u00e1s importantes del mundo y genera un valor econ\u00f3mico anual estimado de 450 000 millones de d\u00f3lares a partir de actividades relacionadas con los oc\u00e9anos, explica el informe. Esta econom\u00eda depende, precisamente, del buen estado ambiental de las aguas, en concreto los sectores de pesca y turismo que, indica el informe, \u201cse han visto gravemente afectados por la pandemia y la recesi\u00f3n socioecon\u00f3mica\u201d. Pero m\u00e1s all\u00e1 de la pandemia, los problemas estructurales son m\u00e1s profundos, a\u00f1ade el estudio.<\/p>\n\n\n\n<p>Odran Corcoran, oficial de Pol\u00edtica Marina de la Oficina de Pol\u00edtica Europea de WWF, explica que \u201cal proteger \u00e1reas clave de nuestros mares y costas, podemos desencadenar un efecto domin\u00f3 de resultados positivos. El despliegue de esta protecci\u00f3n en toda la UE es vital para lograr los objetivos no solo del Pacto Verde Europeo, sino tambi\u00e9n de las Estrategias de Biodiversidad y de la Granja a la Mesa. La recuperaci\u00f3n y protecci\u00f3n de la biodiversidad de la que dependen cientos de millones de europeos no puede retrasarse\u201d.<\/p>\n\n\n\n<p>Los datos que presenta WWF indican que aproximadamente el 75 % de las poblaciones de peces mediterr\u00e1neas evaluadas est\u00e1n sobreexplotadas y la biodiversidad marina ha disminuido dr\u00e1sticamente. El cambio clim\u00e1tico y el desarrollo econ\u00f3mico amenazan con empeorar las cosas: las temperaturas en el Mediterr\u00e1neo est\u00e1n aumentando un 20 % m\u00e1s r\u00e1pido que la media mundial, mientras que se prev\u00e9 que las actividades mar\u00edtimas como los parques e\u00f3licos, la extracci\u00f3n de petr\u00f3leo y gas, las rutas mar\u00edtimas y el turismo de masas se expandan. \u201cEs obvio que la econom\u00eda azul de la regi\u00f3n no tiene ninguna posibilidad de crecer y prosperar a largo plazo en un mar agotado y en calentamiento\u201d, sentencia.<\/p>\n\n\n\n<p>Las poblaciones de peces continuar\u00e1n disminuyendo pero \u201cesta situaci\u00f3n se podr\u00eda revertir con la protecci\u00f3n efectiva que cubra el 30 % del Mediterr\u00e1neo en \u00e1reas espec\u00edficas y las actividades gestionadas de manera sostenible en el resto de la cuenca\u201d, explica WWF.&nbsp; \u201cEn la actualidad, solo el 9,68 % del Mediterr\u00e1neo ha sido designado para protecci\u00f3n, con solo el 1,27 % protegido de manera efectiva\u201d, apunta la asociaci\u00f3n ecologista WWF que recuerda que \u201cel a\u00f1o pasado, la UE se comprometi\u00f3 a proteger el 30 % de las zonas terrestres y mar\u00edtimas para 2030\u201d.<\/p>\n\n\n\n<p>Fuente: Ip, &nbsp;Industrias Pesqueras<\/p>\n","protected":false},"excerpt":{"rendered":"<p>Protegiendo el 30 % del Mediterr\u00e1neo se contendr\u00eda la disminuci\u00f3n de especies y la p\u00e9rdida de biodiversidad marina. As\u00ed lo constata un estudio realizado por WWF en colaboraci\u00f3n con cient\u00edficos del CNRS-CRIOBE franc\u00e9s, la Iniciativa Internacional Ecopath y el ICM-CSIC espa\u00f1ol que indica en su an\u00e1lisis que en la zona occidental, con una protecci\u00f3n efectiva, [&hellip;]<\/p>\n","protected":false},"author":2,"featured_media":20126,"comment_status":"open","ping_status":"open","sticky":false,"template":"","format":"standard","meta":{"footnotes":""},"categories":[63],"tags":[],"class_list":["post-20125","post","type-post","status-publish","format-standard","has-post-thumbnail","hentry","category-noticias"],"_links":{"self":[{"href":"http:\/\/www.perupesquero.org\/web\/wp-json\/wp\/v2\/posts\/20125","targetHints":{"allow":["GET"]}}],"collection":[{"href":"http:\/\/www.perupesquero.org\/web\/wp-json\/wp\/v2\/posts"}],"about":[{"href":"http:\/\/www.perupesquero.org\/web\/wp-json\/wp\/v2\/types\/post"}],"author":[{"embeddable":true,"href":"http:\/\/www.perupesquero.org\/web\/wp-json\/wp\/v2\/users\/2"}],"replies":[{"embeddable":true,"href":"http:\/\/www.perupesquero.org\/web\/wp-json\/wp\/v2\/comments?post=20125"}],"version-history":[{"count":2,"href":"http:\/\/www.perupesquero.org\/web\/wp-json\/wp\/v2\/posts\/20125\/revisions"}],"predecessor-version":[{"id":20128,"href":"http:\/\/www.perupesquero.org\/web\/wp-json\/wp\/v2\/posts\/20125\/revisions\/20128"}],"wp:featuredmedia":[{"embeddable":true,"href":"http:\/\/www.perupesquero.org\/web\/wp-json\/wp\/v2\/media\/20126"}],"wp:attachment":[{"href":"http:\/\/www.perupesquero.org\/web\/wp-json\/wp\/v2\/media?parent=20125"}],"wp:term":[{"taxonomy":"category","embeddable":true,"href":"http:\/\/www.perupesquero.org\/web\/wp-json\/wp\/v2\/categories?post=20125"},{"taxonomy":"post_tag","embeddable":true,"href":"http:\/\/www.perupesquero.org\/web\/wp-json\/wp\/v2\/tags?post=20125"}],"curies":[{"name":"wp","href":"https:\/\/api.w.org\/{rel}","templated":true}]}}