{"id":20060,"date":"2021-02-23T20:10:52","date_gmt":"2021-02-24T01:10:52","guid":{"rendered":"http:\/\/www.perupesquero.org\/web\/?p=20060"},"modified":"2021-02-23T20:26:18","modified_gmt":"2021-02-24T01:26:18","slug":"sechura-de-luto-fallecio-vicente-panta-ipanaque-lider-pesquero","status":"publish","type":"post","link":"http:\/\/www.perupesquero.org\/web\/sechura-de-luto-fallecio-vicente-panta-ipanaque-lider-pesquero\/","title":{"rendered":"Sechura de luto: Falleci\u00f3 Vicente Panta Ipanaque, l\u00edder pesquero"},"content":{"rendered":"\n<p>De pescador pas\u00f3 a ser armador y luego se convirti\u00f3 en pol\u00edtico. Vicente Panta Ipanaqu\u00e9, l\u00edder pesquero que naci\u00f3 en Letir\u00e1, distrito de Vice, falleci\u00f3  por causa de una enfermedad renal cr\u00f3nica para tristeza de Sechura y su poblaci\u00f3n pesquera.<\/p>\n\n\n\n<p>Al respecto, la dirigencia de la Asociaci\u00f3n Nacional de Armadores Pesqueros de la Ley 26920, recordaron a Panta Ipanaqu\u00e9 como el dirigente que logr\u00f3 organizar a los armadores anchoveteros de la flota industrial de madera en una instituci\u00f3n, misma que cumplir\u00eda la funci\u00f3n de respaldar a sus agremiados en sus reclamos y sugerencias ante la administraci\u00f3n pesquera.<\/p>\n\n\n\n<p>\u201cVicente, amigo te has inmortalizado en nuestros corazones por tu calidad humana, valent\u00eda, humildad y honradez. Hasta tus \u00faltimos d\u00edas de vida, siempre estabas preocupado por los problemas de todos los armadores y pescadores anchoveteros de la Ley 26920. Este sector pesquero te debe mucho noble amigo, fu\u00edste un gran maestro de dirigentes pesqueros\u201d, escribieron en la p\u00e1gina de <a href=\"https:\/\/www.facebook.com\/profile.php?id=100008573529631\">Peru Anap<\/a>.<\/p>\n\n\n\n<p>De la misma manera, los funcionarios de la municipalidad del C.P Letir\u00e1 &#8211; Becar\u00e1 expresaron sus condolencias a la familia de qui\u00e9n fuera hermano del ex alcalde, Domingo Panta. &#8220;En su breve paso por la existencia, dej\u00f3 un noble ejemplo de entrega, lucha y amor a esta maravillosa tierra. Sin duda un legado digno de reconocer admirar&#8221;, manifestaron.<\/p>\n","protected":false},"excerpt":{"rendered":"<p>De pescador pas\u00f3 a ser armador y luego se convirti\u00f3 en pol\u00edtico. Vicente Panta Ipanaqu\u00e9, l\u00edder pesquero que naci\u00f3 en Letir\u00e1, distrito de Vice, falleci\u00f3 por causa de una enfermedad renal cr\u00f3nica para tristeza de Sechura y su poblaci\u00f3n pesquera. Al respecto, la dirigencia de la Asociaci\u00f3n Nacional de Armadores Pesqueros de la Ley 26920, [&hellip;]<\/p>\n","protected":false},"author":2,"featured_media":20062,"comment_status":"open","ping_status":"open","sticky":false,"template":"","format":"standard","meta":{"footnotes":""},"categories":[78,63,67,1904],"tags":[],"class_list":["post-20060","post","type-post","status-publish","format-standard","has-post-thumbnail","hentry","category-nacionales","category-noticias","category-pesqueria","category-principal"],"_links":{"self":[{"href":"http:\/\/www.perupesquero.org\/web\/wp-json\/wp\/v2\/posts\/20060","targetHints":{"allow":["GET"]}}],"collection":[{"href":"http:\/\/www.perupesquero.org\/web\/wp-json\/wp\/v2\/posts"}],"about":[{"href":"http:\/\/www.perupesquero.org\/web\/wp-json\/wp\/v2\/types\/post"}],"author":[{"embeddable":true,"href":"http:\/\/www.perupesquero.org\/web\/wp-json\/wp\/v2\/users\/2"}],"replies":[{"embeddable":true,"href":"http:\/\/www.perupesquero.org\/web\/wp-json\/wp\/v2\/comments?post=20060"}],"version-history":[{"count":5,"href":"http:\/\/www.perupesquero.org\/web\/wp-json\/wp\/v2\/posts\/20060\/revisions"}],"predecessor-version":[{"id":20068,"href":"http:\/\/www.perupesquero.org\/web\/wp-json\/wp\/v2\/posts\/20060\/revisions\/20068"}],"wp:featuredmedia":[{"embeddable":true,"href":"http:\/\/www.perupesquero.org\/web\/wp-json\/wp\/v2\/media\/20062"}],"wp:attachment":[{"href":"http:\/\/www.perupesquero.org\/web\/wp-json\/wp\/v2\/media?parent=20060"}],"wp:term":[{"taxonomy":"category","embeddable":true,"href":"http:\/\/www.perupesquero.org\/web\/wp-json\/wp\/v2\/categories?post=20060"},{"taxonomy":"post_tag","embeddable":true,"href":"http:\/\/www.perupesquero.org\/web\/wp-json\/wp\/v2\/tags?post=20060"}],"curies":[{"name":"wp","href":"https:\/\/api.w.org\/{rel}","templated":true}]}}