{"id":19919,"date":"2021-02-18T11:51:37","date_gmt":"2021-02-18T16:51:37","guid":{"rendered":"http:\/\/www.perupesquero.org\/web\/?p=19919"},"modified":"2021-02-18T11:52:46","modified_gmt":"2021-02-18T16:52:46","slug":"austral-group-y-la-snp-firman-acuerdo-de-producccion-limpia-con-produce-y-minam-en-el-iii-foro-internacional-de-economia-circular-2021","status":"publish","type":"post","link":"http:\/\/www.perupesquero.org\/web\/austral-group-y-la-snp-firman-acuerdo-de-producccion-limpia-con-produce-y-minam-en-el-iii-foro-internacional-de-economia-circular-2021\/","title":{"rendered":"AUSTRAL GROUP y la SNP firman Acuerdo de Produccci\u00f3n Limpia con Produce y MINAM en el \u201cIII Foro Internacional de Econom\u00eda Circular 2021\u201d"},"content":{"rendered":"\n<p>En el marco del desarrollo sostenible, la empresa pesquera Austral Group junto a la Sociedad Nacional de Pesquer\u00eda (SNP) firmaron un Acuerdo de Producci\u00f3n Limpia (APL) con el Ministerio de la Producci\u00f3n (Produce) y el Ministerio del Ambiente (MINAM) en el \u201cIII Foro Internacional de econom\u00eda circular 2021\u201d llevado a cabo el mi\u00e9rcoles 17 de febrero.<\/p>\n\n\n\n<p>\u201cEn Austral tenemos la visi\u00f3n de ser reconocidas como la empresa pesquera l\u00edder en sostenibilidad, en adici\u00f3n a todas las certificaciones, premios y reconocimientos con los que ya contamos el d\u00eda de hoy, con la suscripci\u00f3n de este Acuerdo de Producci\u00f3n Limpia, estamos incorporando un nuevo reto, que es medir nuestros avances en aspectos espec\u00edficos de econom\u00eda circular. Estamos orgullosos de firmar el APL como una herramienta de gesti\u00f3n con un enfoque de ecoeficiencia, valorizaci\u00f3n de residuos y descartes (a los que nosotros llamamos subproductos) y tambi\u00e9n a la capacitaci\u00f3n a nuestros grupos de inter\u00e9s. Hoy, reafirmamos nuestro compromiso en seguir impulsando la econom\u00eda circular aportando al desarrollo sostenible del Per\u00fa\u201d, expres\u00f3 Adriana Giudice, gerente general de Austral.<\/p>\n\n\n\n<p>Asimismo, indic\u00f3 que este acuerdo entre el sector p\u00fablico y privado es un avance fundamental para que las empresas caminen hacia una econom\u00eda circular, comprometi\u00e9ndose a llevar a cabo una nueva manera de producir y mejorarsus est\u00e1ndares, a la vez de agregar valor a sus productos para acceder a nuevos mercados.<\/p>\n\n\n\n<p>La firma del acuerdo se realiz\u00f3 de forma virtual con la participaci\u00f3n de Mariano Castro S\u00e1nchez-Moreno, viceministro de Gesti\u00f3n Ambiental del Ministerio del Ambiente; \u00darsula Desil\u00fa Le\u00f3n Chemp\u00e9n, viceministra de Pesca y Acuicultura del Ministerio de la Producci\u00f3n; Cayetana Aljov\u00edn Gazzani, presidenta de la Sociedad Nacional de Pesquer\u00eda y Adriana Giudice Alva, gerente general de Austral Group.<\/p>\n","protected":false},"excerpt":{"rendered":"<p>En el marco del desarrollo sostenible, la empresa pesquera Austral Group junto a la Sociedad Nacional de Pesquer\u00eda (SNP) firmaron un Acuerdo de Producci\u00f3n Limpia (APL) con el Ministerio de la Producci\u00f3n (Produce) y el Ministerio del Ambiente (MINAM) en el \u201cIII Foro Internacional de econom\u00eda circular 2021\u201d llevado a cabo el mi\u00e9rcoles 17 de [&hellip;]<\/p>\n","protected":false},"author":2,"featured_media":19920,"comment_status":"open","ping_status":"open","sticky":false,"template":"","format":"standard","meta":{"footnotes":""},"categories":[78,63,67,1904],"tags":[],"class_list":["post-19919","post","type-post","status-publish","format-standard","has-post-thumbnail","hentry","category-nacionales","category-noticias","category-pesqueria","category-principal"],"_links":{"self":[{"href":"http:\/\/www.perupesquero.org\/web\/wp-json\/wp\/v2\/posts\/19919","targetHints":{"allow":["GET"]}}],"collection":[{"href":"http:\/\/www.perupesquero.org\/web\/wp-json\/wp\/v2\/posts"}],"about":[{"href":"http:\/\/www.perupesquero.org\/web\/wp-json\/wp\/v2\/types\/post"}],"author":[{"embeddable":true,"href":"http:\/\/www.perupesquero.org\/web\/wp-json\/wp\/v2\/users\/2"}],"replies":[{"embeddable":true,"href":"http:\/\/www.perupesquero.org\/web\/wp-json\/wp\/v2\/comments?post=19919"}],"version-history":[{"count":3,"href":"http:\/\/www.perupesquero.org\/web\/wp-json\/wp\/v2\/posts\/19919\/revisions"}],"predecessor-version":[{"id":19923,"href":"http:\/\/www.perupesquero.org\/web\/wp-json\/wp\/v2\/posts\/19919\/revisions\/19923"}],"wp:featuredmedia":[{"embeddable":true,"href":"http:\/\/www.perupesquero.org\/web\/wp-json\/wp\/v2\/media\/19920"}],"wp:attachment":[{"href":"http:\/\/www.perupesquero.org\/web\/wp-json\/wp\/v2\/media?parent=19919"}],"wp:term":[{"taxonomy":"category","embeddable":true,"href":"http:\/\/www.perupesquero.org\/web\/wp-json\/wp\/v2\/categories?post=19919"},{"taxonomy":"post_tag","embeddable":true,"href":"http:\/\/www.perupesquero.org\/web\/wp-json\/wp\/v2\/tags?post=19919"}],"curies":[{"name":"wp","href":"https:\/\/api.w.org\/{rel}","templated":true}]}}