{"id":19349,"date":"2021-01-29T10:56:11","date_gmt":"2021-01-29T15:56:11","guid":{"rendered":"http:\/\/www.perupesquero.org\/web\/?p=19349"},"modified":"2021-01-29T12:40:20","modified_gmt":"2021-01-29T17:40:20","slug":"la-municipalidad-provincial-de-ilo-el-gobierno-regional-de-moquegua-y-southern-peru-hizo-realidad-el-deslizadero-para-pescadores-artesanales","status":"publish","type":"post","link":"http:\/\/www.perupesquero.org\/web\/la-municipalidad-provincial-de-ilo-el-gobierno-regional-de-moquegua-y-southern-peru-hizo-realidad-el-deslizadero-para-pescadores-artesanales\/","title":{"rendered":"Se hizo realidad el deslizadero para pescadores artesanales en Ilo"},"content":{"rendered":"\n<p>Con la finalidad de brindarles un deslizadero a pescadores artesanales tras meses del cierre del Desembarcadero Artesanal, siendo imprescindible para su labor diaria, La Municipalidad Provincial de Ilo en trabajo conjunto con el Gobierno Regional de Moquegua y Southern Per\u00fa dio inauguraci\u00f3n de operatividad del Varadero y Deslizadero para embarcaciones en Corralitos.<\/p>\n\n\n\n<p>El Sindicato \u00danico de Pescadores Artesanales y Buzos civiles del Puerto de Ilo agradeci\u00f3 la labor ejecutada por parte de nuestra autoridad edil en brindar el terreno para hacer efectivo este deslizadero y la gesti\u00f3n realizada.<\/p>\n\n\n\n<p>Cabe destacar que el Alcalde Provincial, Arql. Gerardo Felipe Carpio D\u00edaz felicit\u00f3 a la directiva, amigos pescadores y jubilados; asimismo ratific\u00f3 su compromiso en fortalecer el desarrollo integrado del sector pesquero, del Puerto de Ilo y de nuestra Regi\u00f3n.<\/p>\n\n\n\n<p>Foto: FONDEPES<\/p>\n\n\n\n<p>Fuente: Municipalidad Provincial de Ilo<\/p>\n","protected":false},"excerpt":{"rendered":"<p>Con la finalidad de brindarles un deslizadero a pescadores artesanales tras meses del cierre del Desembarcadero Artesanal, siendo imprescindible para su labor diaria, La Municipalidad Provincial de Ilo en trabajo conjunto con el Gobierno Regional de Moquegua y Southern Per\u00fa dio inauguraci\u00f3n de operatividad del Varadero y Deslizadero para embarcaciones en Corralitos. El Sindicato \u00danico [&hellip;]<\/p>\n","protected":false},"author":2,"featured_media":19353,"comment_status":"open","ping_status":"open","sticky":false,"template":"","format":"standard","meta":{"footnotes":""},"categories":[78,63],"tags":[3249,3248,1395],"class_list":["post-19349","post","type-post","status-publish","format-standard","has-post-thumbnail","hentry","category-nacionales","category-noticias","tag-gobierno-regional-de-moquegua","tag-municipalidad-provincial-de-ilo","tag-pescadores-artesanales"],"_links":{"self":[{"href":"http:\/\/www.perupesquero.org\/web\/wp-json\/wp\/v2\/posts\/19349","targetHints":{"allow":["GET"]}}],"collection":[{"href":"http:\/\/www.perupesquero.org\/web\/wp-json\/wp\/v2\/posts"}],"about":[{"href":"http:\/\/www.perupesquero.org\/web\/wp-json\/wp\/v2\/types\/post"}],"author":[{"embeddable":true,"href":"http:\/\/www.perupesquero.org\/web\/wp-json\/wp\/v2\/users\/2"}],"replies":[{"embeddable":true,"href":"http:\/\/www.perupesquero.org\/web\/wp-json\/wp\/v2\/comments?post=19349"}],"version-history":[{"count":4,"href":"http:\/\/www.perupesquero.org\/web\/wp-json\/wp\/v2\/posts\/19349\/revisions"}],"predecessor-version":[{"id":19356,"href":"http:\/\/www.perupesquero.org\/web\/wp-json\/wp\/v2\/posts\/19349\/revisions\/19356"}],"wp:featuredmedia":[{"embeddable":true,"href":"http:\/\/www.perupesquero.org\/web\/wp-json\/wp\/v2\/media\/19353"}],"wp:attachment":[{"href":"http:\/\/www.perupesquero.org\/web\/wp-json\/wp\/v2\/media?parent=19349"}],"wp:term":[{"taxonomy":"category","embeddable":true,"href":"http:\/\/www.perupesquero.org\/web\/wp-json\/wp\/v2\/categories?post=19349"},{"taxonomy":"post_tag","embeddable":true,"href":"http:\/\/www.perupesquero.org\/web\/wp-json\/wp\/v2\/tags?post=19349"}],"curies":[{"name":"wp","href":"https:\/\/api.w.org\/{rel}","templated":true}]}}