{"id":19339,"date":"2021-01-28T16:35:43","date_gmt":"2021-01-28T21:35:43","guid":{"rendered":"http:\/\/www.perupesquero.org\/web\/?p=19339"},"modified":"2021-01-28T16:35:45","modified_gmt":"2021-01-28T21:35:45","slug":"la-economia-circular-debe-ser-considerada-como-un-factor-clave-en-la-recuperacion-pos-covid-19","status":"publish","type":"post","link":"http:\/\/www.perupesquero.org\/web\/la-economia-circular-debe-ser-considerada-como-un-factor-clave-en-la-recuperacion-pos-covid-19\/","title":{"rendered":"La econom\u00eda circular debe ser considerada como un factor clave en la recuperaci\u00f3n pos-COVID-19"},"content":{"rendered":"\n<p>La econom\u00eda circular propone un enfoque que busca replantear el modelo actual de desarrollo que existe en el mundo. &#8220;(La econom\u00eda circular) tiene que ser una nueva forma de hacer las cosas, un nuevo modelo para generar bienestar para las personas, especialmente en aquellas zonas de nuestro pa\u00eds que a\u00fan no se han desarrollado lo suficiente&#8221;, sostuvo el ministro del Ambiente, Gabriel Quijandr\u00eda.<\/p>\n\n\n\n<p>En ese sentido, dijo que esta visi\u00f3n plantea nuevos modelos de negocio para las grandes industrias como la manufacturera, la pesca, la miner\u00eda, por ejemplo, lo cual se complementa con los modelos econ\u00f3micos colaborativos y bajos en carbono.<\/p>\n\n\n\n<p>As\u00ed lo expres\u00f3 el titular del sector durante su exposici\u00f3n en la sesi\u00f3n virtual de lanzamiento del reporte sobre econom\u00eda circular \u201cThe Circularity Gap Report 2021\u201d, que es una iniciativa de la organizaci\u00f3n Circle Economy que identifica medidas clave para la transici\u00f3n a la circularidad global, y este a\u00f1o, la relaci\u00f3n con la reducci\u00f3n de emisiones de gases de efecto invernadero.<\/p>\n\n\n\n<p>En ese contexto, dijo que la pandemia de la COVID-19 nos obliga a innovar en t\u00e9rminos de desarrollo econ\u00f3mico. En esa l\u00ednea, sostuvo que hoy es importante que las poblaciones m\u00e1s alejadas del pa\u00eds, que ofrecen productos basados en la biodiversidad y ponen en pr\u00e1ctica los modelos de econom\u00eda circular, tengan facilidades para el acceso a los mercados locales y regionales, y de esta manera promover los emprendimientos y negocios que se desarrollan con menor impacto al ambiente, brindando oportunidades de empleo a muchas personas.<\/p>\n\n\n\n<p>En tal sentido, reiter\u00f3 que desde el Ministerio del Ambiente (Minam) se ha hecho un gran esfuerzo por impulsar la transici\u00f3n hacia una econom\u00eda circular, a partir de la promoci\u00f3n de acciones para reducir el uso de materias primas, la eficiencia en los procesos de transformaci\u00f3n de los bienes, y buscando valorizar los residuos despu\u00e9s de su consumo.<\/p>\n\n\n\n<p>Seg\u00fan Quijandr\u00eda Acosta, el concepto de econom\u00eda circular se ha incorporado como una pol\u00edtica p\u00fablica en el Plan Nacional de Competitividad y Productividad. \u201cAlgo que es fundamental para la recuperaci\u00f3n de la econom\u00eda es el trabajo que hemos realizado (desde el Estado) para definir una hoja de ruta para industrias como la manufacturera y del procesamiento industrial pesquero, y ahora en proceso de elaboraci\u00f3n para el sector pesca, agricultura y otros sectores, as\u00ed como la promoci\u00f3n de acuerdos de producci\u00f3n limpia (APL) que contribuyen a transici\u00f3n hacia modelos de negocios circulares en el Per\u00fa\u201d, enfatiz\u00f3.<\/p>\n\n\n\n<p>A\u00f1adi\u00f3 que se est\u00e1 impulsando la Plataforma Per\u00fa Circular como un espacio de colaboraci\u00f3n y articulaci\u00f3n entre las instituciones del Estado, el sector privado, la academia y la cooperaci\u00f3n a fin de tomar acciones concretas para hacer efectivo el tr\u00e1nsito hacia una econom\u00eda circular.<\/p>\n\n\n\n<p>Finanzas sostenibles<\/p>\n\n\n\n<p>En otro momento de la sesi\u00f3n, el titular del Minam destac\u00f3 el rol del sector financiero en el desarrollo del enfoque circular en el pa\u00eds. Mencion\u00f3 que las empresas requieren el financiamiento necesario para incorporar la circularidad, la resiliencia y la reducci\u00f3n de emisiones en todas sus actividades. \u201cSolo eso permitir\u00e1 que se desarrollen los negocios del futuro\u201d, acot\u00f3.<\/p>\n\n\n\n<p><\/p>\n\n\n\n<p>Fuente: gob.pe<\/p>\n","protected":false},"excerpt":{"rendered":"<p>La econom\u00eda circular propone un enfoque que busca replantear el modelo actual de desarrollo que existe en el mundo. &#8220;(La econom\u00eda circular) tiene que ser una nueva forma de hacer las cosas, un nuevo modelo para generar bienestar para las personas, especialmente en aquellas zonas de nuestro pa\u00eds que a\u00fan no se han desarrollado lo [&hellip;]<\/p>\n","protected":false},"author":2,"featured_media":19341,"comment_status":"open","ping_status":"open","sticky":false,"template":"","format":"standard","meta":{"footnotes":""},"categories":[78,63],"tags":[3147,3149],"class_list":["post-19339","post","type-post","status-publish","format-standard","has-post-thumbnail","hentry","category-nacionales","category-noticias","tag-covid-19-2","tag-economia-circular"],"_links":{"self":[{"href":"http:\/\/www.perupesquero.org\/web\/wp-json\/wp\/v2\/posts\/19339","targetHints":{"allow":["GET"]}}],"collection":[{"href":"http:\/\/www.perupesquero.org\/web\/wp-json\/wp\/v2\/posts"}],"about":[{"href":"http:\/\/www.perupesquero.org\/web\/wp-json\/wp\/v2\/types\/post"}],"author":[{"embeddable":true,"href":"http:\/\/www.perupesquero.org\/web\/wp-json\/wp\/v2\/users\/2"}],"replies":[{"embeddable":true,"href":"http:\/\/www.perupesquero.org\/web\/wp-json\/wp\/v2\/comments?post=19339"}],"version-history":[{"count":1,"href":"http:\/\/www.perupesquero.org\/web\/wp-json\/wp\/v2\/posts\/19339\/revisions"}],"predecessor-version":[{"id":19342,"href":"http:\/\/www.perupesquero.org\/web\/wp-json\/wp\/v2\/posts\/19339\/revisions\/19342"}],"wp:featuredmedia":[{"embeddable":true,"href":"http:\/\/www.perupesquero.org\/web\/wp-json\/wp\/v2\/media\/19341"}],"wp:attachment":[{"href":"http:\/\/www.perupesquero.org\/web\/wp-json\/wp\/v2\/media?parent=19339"}],"wp:term":[{"taxonomy":"category","embeddable":true,"href":"http:\/\/www.perupesquero.org\/web\/wp-json\/wp\/v2\/categories?post=19339"},{"taxonomy":"post_tag","embeddable":true,"href":"http:\/\/www.perupesquero.org\/web\/wp-json\/wp\/v2\/tags?post=19339"}],"curies":[{"name":"wp","href":"https:\/\/api.w.org\/{rel}","templated":true}]}}