{"id":19283,"date":"2021-01-26T17:06:36","date_gmt":"2021-01-26T22:06:36","guid":{"rendered":"http:\/\/www.perupesquero.org\/web\/?p=19283"},"modified":"2021-01-26T17:06:37","modified_gmt":"2021-01-26T22:06:37","slug":"aniversario-del-primer-viaje-del-buque-de-investigacion-cientifica-humboldt-a-la-antartida","status":"publish","type":"post","link":"http:\/\/www.perupesquero.org\/web\/aniversario-del-primer-viaje-del-buque-de-investigacion-cientifica-humboldt-a-la-antartida\/","title":{"rendered":"Aniversario del primer viaje del Buque de Investigaci\u00f3n Cient\u00edfica Humboldt a la Ant\u00e1rtida"},"content":{"rendered":"\n<p>El Per\u00fa se adhiri\u00f3 al Tratado Ant\u00e1rtico en 1981 y es Parte Consultiva desde 1989, status que adquiri\u00f3 al demostrar su inter\u00e9s en desarrollar investigaci\u00f3n cient\u00edfica en dicho continente a trav\u00e9s de la realizaci\u00f3n de su Primera Expedici\u00f3n Cient\u00edfica a la Ant\u00e1rtida (ANTAR I) en 1988, as\u00ed como de la instalaci\u00f3n de la Estaci\u00f3n Cient\u00edfica Ant\u00e1rtica Machu Picchu (ECAMP) en 1989.<\/p>\n\n\n\n<p>El 25 de enero de 2021 se conmemoraron 33 a\u00f1os de la primera participaci\u00f3n del Buque de Investigaci\u00f3n Cient\u00edfica Humboldt en el marco de la ANTAR I que tuvo como Jefe de Expedici\u00f3n al capit\u00e1n de nav\u00edo AP Jorge Brousset Barrios. El buque comandado por capit\u00e1n de fragata AP Ricardo Garc\u00eda Escudero zarp\u00f3 de la Base Naval del Callo el 4 de enero y arrib\u00f3 a la Ant\u00e1rtida luego de 22 d\u00edas, con 35 oficiales de la Armada Peruana y 50 civiles que viajaron como parte de la tripulaci\u00f3n.<\/p>\n\n\n\n<p>Dicha plataforma log\u00edstica y cient\u00edfica posterior a la fecha de zarpe, arrib\u00f3 al puerto de Valpara\u00edso por aprovisionamiento. Luego del arribo de 50 personas\/civiles a Punta Arenas (Chile) v\u00eda a\u00e9rea a bordo del avi\u00f3n H\u00e9rcules L-100 de la Fuerza A\u00e9rea del Per\u00fa, el 20 de enero dicho personal fue transportado v\u00eda mar\u00edtima a la ensenada Mackellar, bah\u00eda de Almirantazgo, Isla Rey Jorge o 25 de mayo, Ant\u00e1rtida lugar en donde se instalar\u00eda posteriormente (1989) la ECAMP.<\/p>\n\n\n\n<p>Con una velocidad de 14 nudos, el buque cient\u00edfico pose\u00eda una eslora de 76.20 metros (distancia de proa a popa), y fue debidamente reforzado, especialmente en el casco, debido a las condiciones extremas del clima y la predominancia de hielo marino. El retorno del \u2018Humboldt\u2019 al puerto del Callao se concret\u00f3 el 1 de marzo de 1988, cinco d\u00edas antes de lo previsto.<\/p>\n\n\n\n<p>Cabe resaltar que el BIC Humboldt fue construido a ra\u00edz de un convenio entre el Gobierno alem\u00e1n y el Instituto del Mar, en los ambientes del Servicio Industrial de la Marina (SIMA). Zarp\u00f3 por primera vez en 1978 y desde el comienzo colabor\u00f3 con la investigaci\u00f3n pesquera del pa\u00eds. Su finalidad fue exclusivamente cient\u00edfica.<\/p>\n\n\n\n<p>Fuente: gob.pe<\/p>\n","protected":false},"excerpt":{"rendered":"<p>El Per\u00fa se adhiri\u00f3 al Tratado Ant\u00e1rtico en 1981 y es Parte Consultiva desde 1989, status que adquiri\u00f3 al demostrar su inter\u00e9s en desarrollar investigaci\u00f3n cient\u00edfica en dicho continente a trav\u00e9s de la realizaci\u00f3n de su Primera Expedici\u00f3n Cient\u00edfica a la Ant\u00e1rtida (ANTAR I) en 1988, as\u00ed como de la instalaci\u00f3n de la Estaci\u00f3n Cient\u00edfica [&hellip;]<\/p>\n","protected":false},"author":2,"featured_media":19284,"comment_status":"open","ping_status":"open","sticky":false,"template":"","format":"standard","meta":{"footnotes":""},"categories":[78,63],"tags":[3232,214,3231],"class_list":["post-19283","post","type-post","status-publish","format-standard","has-post-thumbnail","hentry","category-nacionales","category-noticias","tag-antar-i","tag-antartida","tag-buque-de-investigacion-cientifica-humboldt"],"_links":{"self":[{"href":"http:\/\/www.perupesquero.org\/web\/wp-json\/wp\/v2\/posts\/19283","targetHints":{"allow":["GET"]}}],"collection":[{"href":"http:\/\/www.perupesquero.org\/web\/wp-json\/wp\/v2\/posts"}],"about":[{"href":"http:\/\/www.perupesquero.org\/web\/wp-json\/wp\/v2\/types\/post"}],"author":[{"embeddable":true,"href":"http:\/\/www.perupesquero.org\/web\/wp-json\/wp\/v2\/users\/2"}],"replies":[{"embeddable":true,"href":"http:\/\/www.perupesquero.org\/web\/wp-json\/wp\/v2\/comments?post=19283"}],"version-history":[{"count":1,"href":"http:\/\/www.perupesquero.org\/web\/wp-json\/wp\/v2\/posts\/19283\/revisions"}],"predecessor-version":[{"id":19285,"href":"http:\/\/www.perupesquero.org\/web\/wp-json\/wp\/v2\/posts\/19283\/revisions\/19285"}],"wp:featuredmedia":[{"embeddable":true,"href":"http:\/\/www.perupesquero.org\/web\/wp-json\/wp\/v2\/media\/19284"}],"wp:attachment":[{"href":"http:\/\/www.perupesquero.org\/web\/wp-json\/wp\/v2\/media?parent=19283"}],"wp:term":[{"taxonomy":"category","embeddable":true,"href":"http:\/\/www.perupesquero.org\/web\/wp-json\/wp\/v2\/categories?post=19283"},{"taxonomy":"post_tag","embeddable":true,"href":"http:\/\/www.perupesquero.org\/web\/wp-json\/wp\/v2\/tags?post=19283"}],"curies":[{"name":"wp","href":"https:\/\/api.w.org\/{rel}","templated":true}]}}