{"id":19280,"date":"2021-01-26T14:18:06","date_gmt":"2021-01-26T19:18:06","guid":{"rendered":"http:\/\/www.perupesquero.org\/web\/?p=19280"},"modified":"2021-01-26T14:18:07","modified_gmt":"2021-01-26T19:18:07","slug":"ley-marco-sobre-cambio-climatico-permite-formular-proyectos-que-incorporen-soluciones-basadas-en-la-naturaleza","status":"publish","type":"post","link":"http:\/\/www.perupesquero.org\/web\/ley-marco-sobre-cambio-climatico-permite-formular-proyectos-que-incorporen-soluciones-basadas-en-la-naturaleza\/","title":{"rendered":"Ley Marco sobre Cambio Clim\u00e1tico permite formular proyectos que incorporen soluciones basadas en la naturaleza"},"content":{"rendered":"\n<p>En el Per\u00fa, la Ley Marco sobre Cambio Clim\u00e1tico y su Reglamento permiten la formulaci\u00f3n y realizaci\u00f3n de proyectos aplicando soluciones basadas en la naturaleza (SbN), sostuvo la viceministra de Desarrollo Estrat\u00e9gico de los Recursos Naturales del Ministerio del Ambiente (Minam), Luisa Elena Guinand.<\/p>\n\n\n\n<p>&#8220;La aprobaci\u00f3n de la Ley Marco sobre Cambio Clim\u00e1tico y su Reglamento permiten que las autoridades formulen proyectos que incorporen las SbN&#8221;, dijo durante su participaci\u00f3n en el evento virtual \u201cNature Based Solutions Anchoring Event at the Climate Adaptation Summit 2021\u201d (evento sobre SbN de la Cumbre de Adaptaci\u00f3n al Clima 2021), realizado en la v\u00edspera.<\/p>\n\n\n\n<p>En ese marco, manifest\u00f3 tambi\u00e9n que ese tipo de soluciones son importantes en la toma de decisiones en los tres niveles del Gobierno y entre los sectores. \u201cLas soluciones basadas en la naturaleza son clave en todo proceso de decisi\u00f3n; por ello, en el Poder Ejecutivo trabajamos de la mano con el Ministerio de Econom\u00eda y Finanzas para elaborar mecanismos de recuperaci\u00f3n y conservaci\u00f3n de los ecosistemas naturales y con las autoridades subnacionales\u201d, afirm\u00f3.<\/p>\n\n\n\n<p>Seg\u00fan los organizadores, la naturaleza proporciona muchos medios eficaces para reducir el cambio clim\u00e1tico y sus impactos negativos, tanto en las medidas de adaptaci\u00f3n como en mitigaci\u00f3n.<\/p>\n\n\n\n<p><strong>El dato:<\/strong><\/p>\n\n\n\n<p><br>&#8211; La Cumbre de Adaptaci\u00f3n al Clima (CAS) 2021 se desarrolla v\u00eda online los d\u00edas 25 y 26 de enero de 2021, es organizada por Canad\u00e1 y los Pa\u00edses Bajos, convocando a l\u00edderes mundiales y pa\u00edses miembros. En la presente edici\u00f3n, se ver\u00e1 el lanzamiento de una Agenda de Acci\u00f3n de Adaptaci\u00f3n Integral que establece compromisos claros para realizar nuevos esfuerzos y alianzas concretas para hacer que el planeta sea m\u00e1s resiliente a los efectos del cambio clim\u00e1tico.<\/p>\n","protected":false},"excerpt":{"rendered":"<p>En el Per\u00fa, la Ley Marco sobre Cambio Clim\u00e1tico y su Reglamento permiten la formulaci\u00f3n y realizaci\u00f3n de proyectos aplicando soluciones basadas en la naturaleza (SbN), sostuvo la viceministra de Desarrollo Estrat\u00e9gico de los Recursos Naturales del Ministerio del Ambiente (Minam), Luisa Elena Guinand. &#8220;La aprobaci\u00f3n de la Ley Marco sobre Cambio Clim\u00e1tico y su [&hellip;]<\/p>\n","protected":false},"author":2,"featured_media":19281,"comment_status":"open","ping_status":"open","sticky":false,"template":"","format":"standard","meta":{"footnotes":""},"categories":[78,63],"tags":[3230,3229,1154],"class_list":["post-19280","post","type-post","status-publish","format-standard","has-post-thumbnail","hentry","category-nacionales","category-noticias","tag-cas","tag-ley-marco-sobre-cambio-climatico","tag-minam"],"_links":{"self":[{"href":"http:\/\/www.perupesquero.org\/web\/wp-json\/wp\/v2\/posts\/19280","targetHints":{"allow":["GET"]}}],"collection":[{"href":"http:\/\/www.perupesquero.org\/web\/wp-json\/wp\/v2\/posts"}],"about":[{"href":"http:\/\/www.perupesquero.org\/web\/wp-json\/wp\/v2\/types\/post"}],"author":[{"embeddable":true,"href":"http:\/\/www.perupesquero.org\/web\/wp-json\/wp\/v2\/users\/2"}],"replies":[{"embeddable":true,"href":"http:\/\/www.perupesquero.org\/web\/wp-json\/wp\/v2\/comments?post=19280"}],"version-history":[{"count":1,"href":"http:\/\/www.perupesquero.org\/web\/wp-json\/wp\/v2\/posts\/19280\/revisions"}],"predecessor-version":[{"id":19282,"href":"http:\/\/www.perupesquero.org\/web\/wp-json\/wp\/v2\/posts\/19280\/revisions\/19282"}],"wp:featuredmedia":[{"embeddable":true,"href":"http:\/\/www.perupesquero.org\/web\/wp-json\/wp\/v2\/media\/19281"}],"wp:attachment":[{"href":"http:\/\/www.perupesquero.org\/web\/wp-json\/wp\/v2\/media?parent=19280"}],"wp:term":[{"taxonomy":"category","embeddable":true,"href":"http:\/\/www.perupesquero.org\/web\/wp-json\/wp\/v2\/categories?post=19280"},{"taxonomy":"post_tag","embeddable":true,"href":"http:\/\/www.perupesquero.org\/web\/wp-json\/wp\/v2\/tags?post=19280"}],"curies":[{"name":"wp","href":"https:\/\/api.w.org\/{rel}","templated":true}]}}