{"id":18903,"date":"2021-01-06T10:58:56","date_gmt":"2021-01-06T15:58:56","guid":{"rendered":"http:\/\/www.perupesquero.org\/web\/?p=18903"},"modified":"2021-01-06T12:36:41","modified_gmt":"2021-01-06T17:36:41","slug":"canete-varamiento-de-zifio-de-cuvier-fue-atendido-por-el-imarpe","status":"publish","type":"post","link":"http:\/\/www.perupesquero.org\/web\/canete-varamiento-de-zifio-de-cuvier-fue-atendido-por-el-imarpe\/","title":{"rendered":"Ca\u00f1ete: Varamiento de Zifio de Cuvier fue atendido por el Imarpe"},"content":{"rendered":"\n<p>Especialistas en depredadores Superiores del Instituto del Mar del Per\u00fa atendieron el s\u00e1bado 2 de enero 2021, el varamiento de un Zifio de Cuvier (Zyphius cavirostris) en la playa La Joya ubicada en Asia, Ca\u00f1ete, cuya muerte no ser\u00eda s\u00fabita de acuerdo con los indicios de la necropsia.<\/p>\n\n\n\n<p>El equipo del Imarpe tras recibir la comunicaci\u00f3n de una pobladora del distrito de Asia a trav\u00e9s de la l\u00ednea de atenci\u00f3n de varamientos, se traslad\u00f3 a la zona del suceso en donde monitore\u00f3 al cet\u00e1ceo y tras no observar signos vitales como parpadeo, movimiento de las aletas y respiraci\u00f3n a nivel tor\u00e1cico y del espir\u00e1culo, se procedi\u00f3 a realizar la necropsia correspondiente. El zifio habr\u00eda permanecido aproximadamente 17 horas varado, desde el reporte hasta el arribo de los especialistas.<\/p>\n\n\n\n<p>El ejemplar por sus caracter\u00edsticas (dos surcos en forma de V, hocico corto, mand\u00edbula que sobrepasa la maxila y la comisura de la boca curva hacia arriba) pertenece a la familia Ziphiidae. Fue identificado como una hembra adulta de 6.25 m. de longitud total, dato que fue confirmado por la ausencia de dientes en el extremo anterior de la mand\u00edbula y por la presencia de surcos mamarios a los lados de la abertura genital.<\/p>\n\n\n\n<p>A pesar de los esfuerzos y apoyo del personal de serenazgo y salvataje de la Municipalidad de Ca\u00f1ete y de la Asociaci\u00f3n de Propietarios de Asia (APRILS) no se logr\u00f3 trasladar al mam\u00edfero fuera de la orilla, permaneciendo en la zona intermareal, lo cual permiti\u00f3 realizar una necropsia parcial, ya que con el paso de las horas el incremento del nivel del mar podr\u00eda poner en riesgo la integridad f\u00edsica del personal.<\/p>\n\n\n\n<p>Los investigadores del Imarpe hallaron marcas probablemente por la interacci\u00f3n con individuos de su especie y abundantes cicatrices en todo el cuerpo, sobre todo en la zona posterior del tronco, las cuales son causadas generalmente por la mordida de tiburones que pertenecer\u00edan al g\u00e9nero Isistus, seg\u00fan estudios realizados en el hemisferio norte. No encontraron signos de interacci\u00f3n con actividad pesquera, cortes o traumas por colisi\u00f3n.<\/p>\n\n\n\n<p>El animal presentaba una moderada condici\u00f3n corporal y estaba gestando un feto de 38.8 cm de longitud total y de sexo macho. A nivel estomacal, present\u00f3 dos picos grandes probablemente de calamar gigante (Dosidicus gigas). Mostraba evidencia de no haberse alimentado recientemente. Se encontraron par\u00e1sitos planos (platelmintos) y redondos (nematodos) que fueron colectados para su posterior identificaci\u00f3n.<\/p>\n\n\n\n<p>A nivel circulatorio se observaron algunos vasos sangu\u00edneos arteriales incrementados de tama\u00f1o y grosor por probable arteritis cr\u00f3nica. Solo se pudo analizar el pulm\u00f3n izquierdo, el cual se encontraba dilatado (enfisema generalizado). Los \u00f3rganos presentaron burbujas al corte, por probable acumulaci\u00f3n de gases.<\/p>\n\n\n\n<p>El material gr\u00e1fico de la necropsia fue compartido con el pat\u00f3logo veterinario, Dr. Antonio Fern\u00e1ndez del Instituto Universitario de Sanidad Animal de la Universidad de Las Palmas, Espa\u00f1a. El experto en el tema indic\u00f3 que este tipo de hallazgos a nivel circulatorio y pulmonar suelen observarse en necropsias de zifios. Mencion\u00f3 que la presencia de burbujas en los \u00f3rganos es com\u00fan en ejemplares que realizan inmersiones a grandes profundidades como es el caso de esta especie y en ocasiones se puede confundir con el s\u00edndrome de descompresi\u00f3n, no siendo este el caso.<\/p>\n\n\n\n<p>Finalmente, de acuerdo con los indicios obtenidos por los investigadores del Imarpe especialmente a nivel g\u00e1strico y la ausencia de lesiones por interacci\u00f3n con actividades pesqueras o depredadores, su muerte podr\u00eda atribuirse a un proceso cr\u00f3nico. Se colectaron muestras para an\u00e1lisis complementarios que puedan acercarnos a una posible causa de muerte u otros hallazgos relevantes.<\/p>\n\n\n\n<p>Es de destacar, que gran parte de la informaci\u00f3n obtenida de esta especie, poco conocida en el mundo, es por varamientos, debido a la dificultad de identificaci\u00f3n a bordo de embarcaciones de investigaci\u00f3n cient\u00edfica, por lo que exhortamos a la ciudadan\u00eda a reportarlos inmediatamente al Imarpe, organismo t\u00e9cnico especializado del PRODUCE y entidad competente en atenci\u00f3n de estos eventos.<\/p>\n\n\n\n<p>Dato<\/p>\n\n\n\n<p>El Zifio de Couvier presenta una distribuci\u00f3n cosmopolita en todos los oc\u00e9anos, teniendo como l\u00edmite norte en el Pac\u00edfico Este los 43\u00b0 &#8211; 45\u00b0N (Oregon, EE.UU) y el sur de Chile, no se registra en aguas polares. Habita aguas oce\u00e1nicas profundas, generalmente en el talud continental con gradientes de profundidad pronunciada, en donde consigue su alimento, pudiendo realizar inmersiones hasta los 3500 metros. Alcanza una longitud m\u00e1xima de 7 m y 3,000 kg de peso, al nacer miden 2.7 m y pesan entre 250 y 300 Kg, pudiendo llegar hasta los 60 a\u00f1os de edad.<\/p>\n\n\n\n<p>En Per\u00fa existen pocos registros de esta especie (Paita, Piura; Pucusana, Lima; Pisco y Marcona, Ica y Lomas, Arequipa). Cabe agregar, que es la segunda vez sucede en el departamento de Lima desde 1986. Para el Imarpe es el segundo ejemplar registrado, el primero fue el 4 de febrero del 2012 en Pisco. Seg\u00fan la Uni\u00f3n Internacional para la Conservaci\u00f3n de la Naturaleza esta especie se encontrar\u00eda en preocupaci\u00f3n menor.<\/p>\n\n\n\n<p>Fuente: gob.pe<\/p>\n","protected":false},"excerpt":{"rendered":"<p>Especialistas en depredadores Superiores del Instituto del Mar del Per\u00fa atendieron el s\u00e1bado 2 de enero 2021, el varamiento de un Zifio de Cuvier (Zyphius cavirostris) en la playa La Joya ubicada en Asia, Ca\u00f1ete, cuya muerte no ser\u00eda s\u00fabita de acuerdo con los indicios de la necropsia. El equipo del Imarpe tras recibir la [&hellip;]<\/p>\n","protected":false},"author":2,"featured_media":18904,"comment_status":"open","ping_status":"open","sticky":false,"template":"","format":"standard","meta":{"footnotes":""},"categories":[78,63],"tags":[915,3071],"class_list":["post-18903","post","type-post","status-publish","format-standard","has-post-thumbnail","hentry","category-nacionales","category-noticias","tag-imarpe","tag-zifio-de-cuvier"],"_links":{"self":[{"href":"http:\/\/www.perupesquero.org\/web\/wp-json\/wp\/v2\/posts\/18903","targetHints":{"allow":["GET"]}}],"collection":[{"href":"http:\/\/www.perupesquero.org\/web\/wp-json\/wp\/v2\/posts"}],"about":[{"href":"http:\/\/www.perupesquero.org\/web\/wp-json\/wp\/v2\/types\/post"}],"author":[{"embeddable":true,"href":"http:\/\/www.perupesquero.org\/web\/wp-json\/wp\/v2\/users\/2"}],"replies":[{"embeddable":true,"href":"http:\/\/www.perupesquero.org\/web\/wp-json\/wp\/v2\/comments?post=18903"}],"version-history":[{"count":1,"href":"http:\/\/www.perupesquero.org\/web\/wp-json\/wp\/v2\/posts\/18903\/revisions"}],"predecessor-version":[{"id":18905,"href":"http:\/\/www.perupesquero.org\/web\/wp-json\/wp\/v2\/posts\/18903\/revisions\/18905"}],"wp:featuredmedia":[{"embeddable":true,"href":"http:\/\/www.perupesquero.org\/web\/wp-json\/wp\/v2\/media\/18904"}],"wp:attachment":[{"href":"http:\/\/www.perupesquero.org\/web\/wp-json\/wp\/v2\/media?parent=18903"}],"wp:term":[{"taxonomy":"category","embeddable":true,"href":"http:\/\/www.perupesquero.org\/web\/wp-json\/wp\/v2\/categories?post=18903"},{"taxonomy":"post_tag","embeddable":true,"href":"http:\/\/www.perupesquero.org\/web\/wp-json\/wp\/v2\/tags?post=18903"}],"curies":[{"name":"wp","href":"https:\/\/api.w.org\/{rel}","templated":true}]}}