{"id":18897,"date":"2021-01-05T16:56:09","date_gmt":"2021-01-05T21:56:09","guid":{"rendered":"http:\/\/www.perupesquero.org\/web\/?p=18897"},"modified":"2021-01-05T16:56:10","modified_gmt":"2021-01-05T21:56:10","slug":"suspension-preventiva-de-actividad-extractiva-de-la-anchoveta","status":"publish","type":"post","link":"http:\/\/www.perupesquero.org\/web\/suspension-preventiva-de-actividad-extractiva-de-la-anchoveta\/","title":{"rendered":"Suspensi\u00f3n preventiva de actividad extractiva de la Anchoveta"},"content":{"rendered":"\n<p>La Direcci\u00f3n General de Supervisi\u00f3n, Fiscalizaci\u00f3n y Sanci\u00f3n del Despacho Viceministerial de Pesca y Acuicultura,&nbsp; teniendo en cuenta la informaci\u00f3n remitida a trav\u00e9s de la bit\u00e1cora electr\u00f3nica, por los capitanes de las embarcaciones pesqueras que efect\u00faan actividad extractiva en la zona geogr\u00e1fica Norte-Centro, seg\u00fan la cual declaran haber sobrepasado los l\u00edmites de tolerancia establecidos para la captura de ejemplares juveniles del recurso anchoveta, en cumplimiento a lo dispuesto en el&nbsp; DS 024-2016-Produce que modifica el Art. 19 del Reglamento de la Ley General de Pesca, comunica la siguiente medida de excepci\u00f3n:<\/p>\n\n\n\n<p>&nbsp;Disponer la Suspensi\u00f3n Preventiva de la Actividad Extractiva por el plazo de cinco (05) d\u00edas, a partir de las 13:00 horas del 05 de enero de 2021 y hasta las 13:00 horas del 10 de enero de 2021, en la Zona de Pesca que se indica a continuaci\u00f3n:<\/p>\n\n\n\n<p>Entre los 11\u00b025&#8217;S a 11\u00b055&#8217;S y de 77\u00b015&#8217;W a 77\u00b045&#8217;W del dominio mar\u00edtimo (Frente a Chancay \u2013 Lima)<\/p>\n\n\n\n<p>Invocar a las personas naturales y jur\u00eddicas, titulares de permisos de pesca de embarcaciones que realizan actividad extractiva, a fin de dar cumplimiento a las medidas preventivas para garantizar la sostenibilidad de los recursos hidrobiol\u00f3gicos autorizados y as\u00ed evitar incurrir en infracciones a la normativa vigente.<\/p>\n\n\n\n<p>Fuente: gob.pe<\/p>\n","protected":false},"excerpt":{"rendered":"<p>La Direcci\u00f3n General de Supervisi\u00f3n, Fiscalizaci\u00f3n y Sanci\u00f3n del Despacho Viceministerial de Pesca y Acuicultura,&nbsp; teniendo en cuenta la informaci\u00f3n remitida a trav\u00e9s de la bit\u00e1cora electr\u00f3nica, por los capitanes de las embarcaciones pesqueras que efect\u00faan actividad extractiva en la zona geogr\u00e1fica Norte-Centro, seg\u00fan la cual declaran haber sobrepasado los l\u00edmites de tolerancia establecidos para [&hellip;]<\/p>\n","protected":false},"author":2,"featured_media":18898,"comment_status":"open","ping_status":"open","sticky":false,"template":"","format":"standard","meta":{"footnotes":""},"categories":[77,78,63,1904],"tags":[],"class_list":["post-18897","post","type-post","status-publish","format-standard","has-post-thumbnail","hentry","category-internacionales","category-nacionales","category-noticias","category-principal"],"_links":{"self":[{"href":"http:\/\/www.perupesquero.org\/web\/wp-json\/wp\/v2\/posts\/18897","targetHints":{"allow":["GET"]}}],"collection":[{"href":"http:\/\/www.perupesquero.org\/web\/wp-json\/wp\/v2\/posts"}],"about":[{"href":"http:\/\/www.perupesquero.org\/web\/wp-json\/wp\/v2\/types\/post"}],"author":[{"embeddable":true,"href":"http:\/\/www.perupesquero.org\/web\/wp-json\/wp\/v2\/users\/2"}],"replies":[{"embeddable":true,"href":"http:\/\/www.perupesquero.org\/web\/wp-json\/wp\/v2\/comments?post=18897"}],"version-history":[{"count":1,"href":"http:\/\/www.perupesquero.org\/web\/wp-json\/wp\/v2\/posts\/18897\/revisions"}],"predecessor-version":[{"id":18899,"href":"http:\/\/www.perupesquero.org\/web\/wp-json\/wp\/v2\/posts\/18897\/revisions\/18899"}],"wp:featuredmedia":[{"embeddable":true,"href":"http:\/\/www.perupesquero.org\/web\/wp-json\/wp\/v2\/media\/18898"}],"wp:attachment":[{"href":"http:\/\/www.perupesquero.org\/web\/wp-json\/wp\/v2\/media?parent=18897"}],"wp:term":[{"taxonomy":"category","embeddable":true,"href":"http:\/\/www.perupesquero.org\/web\/wp-json\/wp\/v2\/categories?post=18897"},{"taxonomy":"post_tag","embeddable":true,"href":"http:\/\/www.perupesquero.org\/web\/wp-json\/wp\/v2\/tags?post=18897"}],"curies":[{"name":"wp","href":"https:\/\/api.w.org\/{rel}","templated":true}]}}