{"id":18888,"date":"2021-01-05T16:15:45","date_gmt":"2021-01-05T21:15:45","guid":{"rendered":"http:\/\/www.perupesquero.org\/web\/?p=18888"},"modified":"2021-01-05T16:15:46","modified_gmt":"2021-01-05T21:15:46","slug":"olas-de-calor-marina-pueden-alterar-la-expresion-genetica-de-los-peces-en-su-edad-mas-temprana","status":"publish","type":"post","link":"http:\/\/www.perupesquero.org\/web\/olas-de-calor-marina-pueden-alterar-la-expresion-genetica-de-los-peces-en-su-edad-mas-temprana\/","title":{"rendered":"Olas de calor marina pueden alterar la expresi\u00f3n gen\u00e9tica de los peces en su edad m\u00e1s temprana"},"content":{"rendered":"\n<p>Un nuevo estudio liderado por el&nbsp;Institut de Ci\u00e8ncies del Mar (CSIC)&nbsp;ha revelado que las&nbsp;olas de calor marina pueden provocar cambios a nivel molecular&nbsp;que afecten la respuesta inmune del pez, su reacci\u00f3n a est\u00edmulos externos y su metabolismo.<\/p>\n\n\n\n<p>La investigaci\u00f3n, realizada en colaboraci\u00f3n con el Yellow Sea Fisheries Research Institute (China), concluye que estos&nbsp;fen\u00f3menos ambientales, \u201ccada vez m\u00e1s intensas, frecuentes y duraderas debido al calentamiento global\u201d, explica el centro, provocan cambios en la expresi\u00f3n g\u00e9nica debido a la temperatura del agua son causados \u200b\u200bpor alteraciones en los niveles de metilaci\u00f3n del ADN y pueden persistir con el tiempo.<\/p>\n\n\n\n<p>Pruebas en laboratorio<\/p>\n\n\n\n<p>Para extraer esta conclusi\u00f3n, los investigadores simularon una ola de calor en el laboratorio aumentando la temperatura del agua en 3,6 \u00b0 C en una serie de tanques que conten\u00edan ejemplares de lubina (Dicentrarchus labrax). Estas condiciones se mantuvieron solo durante los dos primeros meses de vida del pez, luego se normalizaron.<\/p>\n\n\n\n<p>Tras finalizar los experimentos, los investigadores encontraron una serie de cambios a nivel molecular en los ejemplares que persistieron tres a\u00f1os despu\u00e9s a pesar de que su apariencia externa era normal.<\/p>\n\n\n\n<p>Estos cambios se detectaron en tejidos con diferentes or\u00edgenes embrionarios, entre ellos el cerebro, que proviene del ectodermo; m\u00fasculo y test\u00edculos, que provienen del mesodermo; y el h\u00edgado, que se forma a partir del endodermo. Los investigadores apuntan que las conclusiones apuntan que los cambios pueden ser definitivos en funci\u00f3n de la edad del ejemplar. Adem\u00e1s, estas alteraciones se podr\u00edan transmitir gen\u00e9ticamente.<\/p>\n\n\n\n<p>Por ese motivo los investigadores destacan la importancia de conocer los efectos subletales de las olas de calor marinas sobre los peces, algo que hasta ahora se desconoc\u00eda.<\/p>\n\n\n\n<p>Fuente: Ip, Industrias Pesqueras<\/p>\n","protected":false},"excerpt":{"rendered":"<p>Un nuevo estudio liderado por el&nbsp;Institut de Ci\u00e8ncies del Mar (CSIC)&nbsp;ha revelado que las&nbsp;olas de calor marina pueden provocar cambios a nivel molecular&nbsp;que afecten la respuesta inmune del pez, su reacci\u00f3n a est\u00edmulos externos y su metabolismo. La investigaci\u00f3n, realizada en colaboraci\u00f3n con el Yellow Sea Fisheries Research Institute (China), concluye que estos&nbsp;fen\u00f3menos ambientales, \u201ccada [&hellip;]<\/p>\n","protected":false},"author":2,"featured_media":18889,"comment_status":"open","ping_status":"open","sticky":false,"template":"","format":"standard","meta":{"footnotes":""},"categories":[77,78,63,1904],"tags":[],"class_list":["post-18888","post","type-post","status-publish","format-standard","has-post-thumbnail","hentry","category-internacionales","category-nacionales","category-noticias","category-principal"],"_links":{"self":[{"href":"http:\/\/www.perupesquero.org\/web\/wp-json\/wp\/v2\/posts\/18888","targetHints":{"allow":["GET"]}}],"collection":[{"href":"http:\/\/www.perupesquero.org\/web\/wp-json\/wp\/v2\/posts"}],"about":[{"href":"http:\/\/www.perupesquero.org\/web\/wp-json\/wp\/v2\/types\/post"}],"author":[{"embeddable":true,"href":"http:\/\/www.perupesquero.org\/web\/wp-json\/wp\/v2\/users\/2"}],"replies":[{"embeddable":true,"href":"http:\/\/www.perupesquero.org\/web\/wp-json\/wp\/v2\/comments?post=18888"}],"version-history":[{"count":1,"href":"http:\/\/www.perupesquero.org\/web\/wp-json\/wp\/v2\/posts\/18888\/revisions"}],"predecessor-version":[{"id":18890,"href":"http:\/\/www.perupesquero.org\/web\/wp-json\/wp\/v2\/posts\/18888\/revisions\/18890"}],"wp:featuredmedia":[{"embeddable":true,"href":"http:\/\/www.perupesquero.org\/web\/wp-json\/wp\/v2\/media\/18889"}],"wp:attachment":[{"href":"http:\/\/www.perupesquero.org\/web\/wp-json\/wp\/v2\/media?parent=18888"}],"wp:term":[{"taxonomy":"category","embeddable":true,"href":"http:\/\/www.perupesquero.org\/web\/wp-json\/wp\/v2\/categories?post=18888"},{"taxonomy":"post_tag","embeddable":true,"href":"http:\/\/www.perupesquero.org\/web\/wp-json\/wp\/v2\/tags?post=18888"}],"curies":[{"name":"wp","href":"https:\/\/api.w.org\/{rel}","templated":true}]}}