{"id":18858,"date":"2021-01-05T14:48:54","date_gmt":"2021-01-05T19:48:54","guid":{"rendered":"http:\/\/www.perupesquero.org\/web\/?p=18858"},"modified":"2021-01-05T14:48:55","modified_gmt":"2021-01-05T19:48:55","slug":"tasa-se-convierte-en-la-primera-pesquera-en-formar-parte-de-la-huella-de-carbono-peru","status":"publish","type":"post","link":"http:\/\/www.perupesquero.org\/web\/tasa-se-convierte-en-la-primera-pesquera-en-formar-parte-de-la-huella-de-carbono-peru\/","title":{"rendered":"TASA se convierte en la primera pesquera en formar parte de la Huella de Carbono Per\u00fa"},"content":{"rendered":"\n<p>La pesquera peruana TASA recibi\u00f3 esta \u00faltima semana la certificaci\u00f3n como empresa participante de Huella de Carbono Per\u00fa, se trata de la herramienta oficial del Ministerio del Ambiente para que organizaciones p\u00fablicas y privadas puedan gestionar sus emisiones de Gases de efecto Invernadero a la vez que se desarrollan planes de reducci\u00f3n y, finalmente, de remediaci\u00f3n.<\/p>\n\n\n\n<p>De esta manera, TASA se convierte en la primera pesquera en acceder a esta certificaci\u00f3n que permitir\u00e1 contar con un est\u00e1ndar de trabajo que uniformice la medici\u00f3n y reporte de sus emisiones. Gracias a ello, ser\u00e1 posible generar soluciones sectoriales como no se ha visto antes en el pa\u00eds.<\/p>\n\n\n\n<p>Vale destacar que el trabajo de mediciones no ha sido ajeno a la empresa, la cual desde 2017, mide la Huella de carbono con consultoras independientes para el desarrollo de estrategias de mejora para cada una de sus unidades.<\/p>\n\n\n\n<p>Los siguientes pasos para la pesquera ser\u00e1n la continuidad de la medici\u00f3n, reporte de emisiones y elaboraci\u00f3n de planes de reducci\u00f3n, los cuales se han estado reflejando a\u00f1o a a\u00f1o con la reducci\u00f3n de la Huella de carbono de sus operaciones.<\/p>\n\n\n\n<p>Esta certificaci\u00f3n sigue la l\u00ednea de trabajo sostenible que la pesquera ha asumido en los \u00faltimos a\u00f1os y que enmarca acciones que van desde la reducci\u00f3n de emisiones y consumos de agua, cumplimiento normativo hasta la incorporaci\u00f3n de la econom\u00eda circular dentro del modelo de negocio.<\/p>\n","protected":false},"excerpt":{"rendered":"<p>La pesquera peruana TASA recibi\u00f3 esta \u00faltima semana la certificaci\u00f3n como empresa participante de Huella de Carbono Per\u00fa, se trata de la herramienta oficial del Ministerio del Ambiente para que organizaciones p\u00fablicas y privadas puedan gestionar sus emisiones de Gases de efecto Invernadero a la vez que se desarrollan planes de reducci\u00f3n y, finalmente, de [&hellip;]<\/p>\n","protected":false},"author":2,"featured_media":18859,"comment_status":"open","ping_status":"open","sticky":false,"template":"","format":"standard","meta":{"footnotes":""},"categories":[77,63,1904,72],"tags":[],"class_list":["post-18858","post","type-post","status-publish","format-standard","has-post-thumbnail","hentry","category-internacionales","category-noticias","category-principal","category-regionales"],"_links":{"self":[{"href":"http:\/\/www.perupesquero.org\/web\/wp-json\/wp\/v2\/posts\/18858","targetHints":{"allow":["GET"]}}],"collection":[{"href":"http:\/\/www.perupesquero.org\/web\/wp-json\/wp\/v2\/posts"}],"about":[{"href":"http:\/\/www.perupesquero.org\/web\/wp-json\/wp\/v2\/types\/post"}],"author":[{"embeddable":true,"href":"http:\/\/www.perupesquero.org\/web\/wp-json\/wp\/v2\/users\/2"}],"replies":[{"embeddable":true,"href":"http:\/\/www.perupesquero.org\/web\/wp-json\/wp\/v2\/comments?post=18858"}],"version-history":[{"count":1,"href":"http:\/\/www.perupesquero.org\/web\/wp-json\/wp\/v2\/posts\/18858\/revisions"}],"predecessor-version":[{"id":18860,"href":"http:\/\/www.perupesquero.org\/web\/wp-json\/wp\/v2\/posts\/18858\/revisions\/18860"}],"wp:featuredmedia":[{"embeddable":true,"href":"http:\/\/www.perupesquero.org\/web\/wp-json\/wp\/v2\/media\/18859"}],"wp:attachment":[{"href":"http:\/\/www.perupesquero.org\/web\/wp-json\/wp\/v2\/media?parent=18858"}],"wp:term":[{"taxonomy":"category","embeddable":true,"href":"http:\/\/www.perupesquero.org\/web\/wp-json\/wp\/v2\/categories?post=18858"},{"taxonomy":"post_tag","embeddable":true,"href":"http:\/\/www.perupesquero.org\/web\/wp-json\/wp\/v2\/tags?post=18858"}],"curies":[{"name":"wp","href":"https:\/\/api.w.org\/{rel}","templated":true}]}}