{"id":1864,"date":"2014-04-23T00:20:45","date_gmt":"2014-04-23T05:20:45","guid":{"rendered":"http:\/\/www.perupesquero.org\/?p=1864"},"modified":"2014-04-23T00:20:45","modified_gmt":"2014-04-23T05:20:45","slug":"imarpe-apoya-cada-vez-mas-la-pesca-para-consumo-humano-directo","status":"publish","type":"post","link":"http:\/\/www.perupesquero.org\/web\/imarpe-apoya-cada-vez-mas-la-pesca-para-consumo-humano-directo\/","title":{"rendered":"Imarpe apoya cada vez m\u00e1s la pesca para Consumo Humano Directo"},"content":{"rendered":"<p style=\"text-align: justify;\">El Instituto del Mar del Per\u00fa (Imarpe) est\u00e1 aplicando, cada vez m\u00e1s, medidas para promover la pesca dedicada al Consumo Humano Directo (CHD) y as\u00ed aprovechar las nuevas especies que se usan para la alimentaci\u00f3n, inform\u00f3 Andres Chipolini, Director Ejecutivo Cient\u00edfico del Imarpe.<\/p>\n<p style=\"text-align: justify;\">\u201cPero sentimos que no estamos completando la tarea, por las limitaciones que existen, por lo complejo de la Pesca artesanal, y la diversidad de especies\u201d, anot\u00f3.<\/p>\n<p style=\"text-align: justify;\">En ese sentido, adelant\u00f3 que se est\u00e1 retomando las conversaciones con el Ministerio de Econom\u00eda y Finanzas (MEF) la asignaci\u00f3n de un presupuesto por resultados para concretar un programa de apoyo a los principales recursos de Pesca artesanal para el 2015.<br \/>\n\u201cEsto involucra prospecci\u00f3n con barcos del Imarpe, uso de equipos multifrecuencias que faciliten hacer mejor discriminaci\u00f3n de recursos en la zonas medias, y conocer su abundancia. Adem\u00e1s, hacemos nuevas investigaciones de peces costeros, demersales y de aguas profundas, para diversificar la Pesca para CHD\u201d, indic\u00f3.<\/p>\n<p style=\"text-align: justify;\">Sin embargo, manifest\u00f3 que hay muchos temas por resolver y dio como ejemplo, el hecho que los pescadores artesanales que extraen pota se niegan a que los industriales puedan usar ese recurso.<\/p>\n<p style=\"text-align: justify;\">\u201cOtro problema muy grande es que la poluci\u00f3n en el Mar y su calentamiento est\u00e1 reproduciendo m\u00e1s Malaguas y Algas, que traen mortandad en otros recursos\u201d, dijo durante su participaci\u00f3n en una Mesa Redonda, organizada por el PAD de la Universidad de Piura y Gesti\u00f3n.<\/p>\n<p style=\"text-align: justify;\">FUENTE: Gestion.pe<\/p>\n","protected":false},"excerpt":{"rendered":"<p>El Instituto del Mar del Per\u00fa (Imarpe) est\u00e1 aplicando, cada vez m\u00e1s, medidas para promover la pesca dedicada al Consumo Humano Directo (CHD) y as\u00ed aprovechar las nuevas especies que se usan para la alimentaci\u00f3n, inform\u00f3 Andres Chipolini, Director Ejecutivo Cient\u00edfico del Imarpe. \u201cPero sentimos que no estamos completando la tarea, por las limitaciones que [&hellip;]<\/p>\n","protected":false},"author":2,"featured_media":1868,"comment_status":"open","ping_status":"open","sticky":false,"template":"","format":"standard","meta":{"footnotes":""},"categories":[63],"tags":[],"class_list":["post-1864","post","type-post","status-publish","format-standard","has-post-thumbnail","hentry","category-noticias"],"_links":{"self":[{"href":"http:\/\/www.perupesquero.org\/web\/wp-json\/wp\/v2\/posts\/1864","targetHints":{"allow":["GET"]}}],"collection":[{"href":"http:\/\/www.perupesquero.org\/web\/wp-json\/wp\/v2\/posts"}],"about":[{"href":"http:\/\/www.perupesquero.org\/web\/wp-json\/wp\/v2\/types\/post"}],"author":[{"embeddable":true,"href":"http:\/\/www.perupesquero.org\/web\/wp-json\/wp\/v2\/users\/2"}],"replies":[{"embeddable":true,"href":"http:\/\/www.perupesquero.org\/web\/wp-json\/wp\/v2\/comments?post=1864"}],"version-history":[{"count":0,"href":"http:\/\/www.perupesquero.org\/web\/wp-json\/wp\/v2\/posts\/1864\/revisions"}],"wp:featuredmedia":[{"embeddable":true,"href":"http:\/\/www.perupesquero.org\/web\/wp-json\/"}],"wp:attachment":[{"href":"http:\/\/www.perupesquero.org\/web\/wp-json\/wp\/v2\/media?parent=1864"}],"wp:term":[{"taxonomy":"category","embeddable":true,"href":"http:\/\/www.perupesquero.org\/web\/wp-json\/wp\/v2\/categories?post=1864"},{"taxonomy":"post_tag","embeddable":true,"href":"http:\/\/www.perupesquero.org\/web\/wp-json\/wp\/v2\/tags?post=1864"}],"curies":[{"name":"wp","href":"https:\/\/api.w.org\/{rel}","templated":true}]}}