{"id":1861,"date":"2014-04-23T00:18:50","date_gmt":"2014-04-23T05:18:50","guid":{"rendered":"http:\/\/www.perupesquero.org\/?p=1861"},"modified":"2014-04-23T00:18:50","modified_gmt":"2014-04-23T05:18:50","slug":"imarpe-se-capacitara-en-ordenacion-de-capacidad-de-la-flota-atunera-en-colombia","status":"publish","type":"post","link":"http:\/\/www.perupesquero.org\/web\/imarpe-se-capacitara-en-ordenacion-de-capacidad-de-la-flota-atunera-en-colombia\/","title":{"rendered":"Imarpe se capacitar\u00e1 en ordenaci\u00f3n de capacidad de la flota atunera en Colombia"},"content":{"rendered":"<p style=\"text-align: justify;\">El Instituto del Mar del Per\u00fa (Imarpe) participar\u00e1 en el Taller de Expertos T\u00e9cnicos sobre la Ordenaci\u00f3n de la Capacidad de la Flota Atunera en el Oc\u00e9ano Pac\u00edfico Oriental (OPO), que se desarrollar\u00e1 en la ciudad de Cartagena de Indias, Colombia.<\/p>\n<p style=\"text-align: justify;\">Esta capacitaci\u00f3n se realizar\u00e1 del 23 al 25 de abril del 2014, seg\u00fan resoluci\u00f3n directoral del Ministerio de la Producci\u00f3n (Produce) publicada hoy.<\/p>\n<p style=\"text-align: justify;\">Dentro del mencionado taller se buscar\u00e1 definir un sistema eficaz, equitativo y transparente para manejar y reducir a mediano plazo, la capacidad de la Flota Atunera.<\/p>\n<p style=\"text-align: justify;\">Este incluir\u00e1 un calendario para la adopci\u00f3n e implementaci\u00f3n del sistema, de acuerdo con el Plan para la ordenaci\u00f3n regional de la capacidad de Pesca de atunes en el OPO, establecido en el a\u00f1o 2005.<\/p>\n<p style=\"text-align: justify;\">Para ello, los expertos que participar\u00e1n de estas actividades har\u00e1n un repaso de la capacidad actual de la flota, as\u00ed como de los aspectos jur\u00eddicos relacionados con la gesti\u00f3n de dicha capacidad, distribuci\u00f3n regional, e implicancias para la ordenaci\u00f3n.<\/p>\n<p style=\"text-align: justify;\">Por ende, se autoriza al Coordinador del \u00c1rea Funcional de Investigaciones de la Direcci\u00f3n General de Investigaciones de Recursos Pel\u00e1gicos, Miguel \u00c1ngel \u00d1iquen, para que participe de estas actividades en representaci\u00f3n del Imarpe.<\/p>\n<p style=\"text-align: justify;\">FUENTE: Andina.com.pe<\/p>\n","protected":false},"excerpt":{"rendered":"<p>El Instituto del Mar del Per\u00fa (Imarpe) participar\u00e1 en el Taller de Expertos T\u00e9cnicos sobre la Ordenaci\u00f3n de la Capacidad de la Flota Atunera en el Oc\u00e9ano Pac\u00edfico Oriental (OPO), que se desarrollar\u00e1 en la ciudad de Cartagena de Indias, Colombia. Esta capacitaci\u00f3n se realizar\u00e1 del 23 al 25 de abril del 2014, seg\u00fan resoluci\u00f3n [&hellip;]<\/p>\n","protected":false},"author":2,"featured_media":1866,"comment_status":"open","ping_status":"open","sticky":false,"template":"","format":"standard","meta":{"footnotes":""},"categories":[77,63,67],"tags":[],"class_list":["post-1861","post","type-post","status-publish","format-standard","has-post-thumbnail","hentry","category-internacionales","category-noticias","category-pesqueria"],"_links":{"self":[{"href":"http:\/\/www.perupesquero.org\/web\/wp-json\/wp\/v2\/posts\/1861","targetHints":{"allow":["GET"]}}],"collection":[{"href":"http:\/\/www.perupesquero.org\/web\/wp-json\/wp\/v2\/posts"}],"about":[{"href":"http:\/\/www.perupesquero.org\/web\/wp-json\/wp\/v2\/types\/post"}],"author":[{"embeddable":true,"href":"http:\/\/www.perupesquero.org\/web\/wp-json\/wp\/v2\/users\/2"}],"replies":[{"embeddable":true,"href":"http:\/\/www.perupesquero.org\/web\/wp-json\/wp\/v2\/comments?post=1861"}],"version-history":[{"count":0,"href":"http:\/\/www.perupesquero.org\/web\/wp-json\/wp\/v2\/posts\/1861\/revisions"}],"wp:featuredmedia":[{"embeddable":true,"href":"http:\/\/www.perupesquero.org\/web\/wp-json\/"}],"wp:attachment":[{"href":"http:\/\/www.perupesquero.org\/web\/wp-json\/wp\/v2\/media?parent=1861"}],"wp:term":[{"taxonomy":"category","embeddable":true,"href":"http:\/\/www.perupesquero.org\/web\/wp-json\/wp\/v2\/categories?post=1861"},{"taxonomy":"post_tag","embeddable":true,"href":"http:\/\/www.perupesquero.org\/web\/wp-json\/wp\/v2\/tags?post=1861"}],"curies":[{"name":"wp","href":"https:\/\/api.w.org\/{rel}","templated":true}]}}