{"id":18578,"date":"2020-12-09T11:01:26","date_gmt":"2020-12-09T16:01:26","guid":{"rendered":"http:\/\/www.perupesquero.org\/web\/?p=18578"},"modified":"2020-12-09T11:01:27","modified_gmt":"2020-12-09T16:01:27","slug":"chile-sernapesca-entrego-noveno-informe-de-desplazamiento-de-flota-china","status":"publish","type":"post","link":"http:\/\/www.perupesquero.org\/web\/chile-sernapesca-entrego-noveno-informe-de-desplazamiento-de-flota-china\/","title":{"rendered":"Chile: Sernapesca entreg\u00f3 noveno informe de desplazamiento de flota china"},"content":{"rendered":"\n<p>Desde la Central de Monitoreo Satelital del&nbsp;<strong>Servicio Nacional De Pesca y Acuicultura<\/strong>, el Subdirector de Pesquer\u00edas, Fernando Naranjo, y el Jefe de Fiscalizaci\u00f3n Pesquera, Pablo Ortiz, entregaron el noveno informe sobre la situaci\u00f3n de la&nbsp;<strong>flota pesquera china<\/strong>&nbsp;que contin\u00faa operando en el Oc\u00e9ano Pac\u00edfico, fuera de la zona econ\u00f3mica exclusiva de varios pa\u00edses sudamericanos.<\/p>\n\n\n\n<p>De acuerdo al reporte de vigilancia satelital, durante \u00faltima semana la flota asi\u00e1tica se desplaz\u00f3 levemente hacia el NW por aguas internacionales, y ocho embarcaciones navegan hacia el sur, con destino hacia el Atl\u00e1ntico. Se trata de navegaci\u00f3n sin operaciones de&nbsp;<strong>pesca,<\/strong>&nbsp;con el fin de cruzar el Estrecho de Magallanes, al igual que lo hicieron otras dos&nbsp;<strong>naves chinas<\/strong>&nbsp;la semana anterior.<\/p>\n\n\n\n<p>Adem\u00e1s, el monitoreo satelital revela que un buque porta contenedores de&nbsp;<strong>bandera china<\/strong>&nbsp;se desplaza a velocidad de navegaci\u00f3n hacia el norte y ya est\u00e1 a la misma altura de la flota asi\u00e1tica, frente a Per\u00fa.<\/p>\n\n\n\n<p>El Subdirector de Pesquer\u00edas, Fernando Naranjo, reiter\u00f3 que de acuerdo a la vigilancia y control, las posibilidades operaci\u00f3n de\u00a0<strong>pesca<\/strong>\u00a0ilegal en nuestras aguas jurisdiccionales son m\u00ednimas.<\/p>\n\n\n\n<p>Diario Concepci\u00f3n<\/p>\n","protected":false},"excerpt":{"rendered":"<p>Desde la Central de Monitoreo Satelital del&nbsp;Servicio Nacional De Pesca y Acuicultura, el Subdirector de Pesquer\u00edas, Fernando Naranjo, y el Jefe de Fiscalizaci\u00f3n Pesquera, Pablo Ortiz, entregaron el noveno informe sobre la situaci\u00f3n de la&nbsp;flota pesquera china&nbsp;que contin\u00faa operando en el Oc\u00e9ano Pac\u00edfico, fuera de la zona econ\u00f3mica exclusiva de varios pa\u00edses sudamericanos. De acuerdo [&hellip;]<\/p>\n","protected":false},"author":2,"featured_media":18579,"comment_status":"open","ping_status":"open","sticky":false,"template":"","format":"standard","meta":{"footnotes":""},"categories":[63,67,1904],"tags":[],"class_list":["post-18578","post","type-post","status-publish","format-standard","has-post-thumbnail","hentry","category-noticias","category-pesqueria","category-principal"],"_links":{"self":[{"href":"http:\/\/www.perupesquero.org\/web\/wp-json\/wp\/v2\/posts\/18578","targetHints":{"allow":["GET"]}}],"collection":[{"href":"http:\/\/www.perupesquero.org\/web\/wp-json\/wp\/v2\/posts"}],"about":[{"href":"http:\/\/www.perupesquero.org\/web\/wp-json\/wp\/v2\/types\/post"}],"author":[{"embeddable":true,"href":"http:\/\/www.perupesquero.org\/web\/wp-json\/wp\/v2\/users\/2"}],"replies":[{"embeddable":true,"href":"http:\/\/www.perupesquero.org\/web\/wp-json\/wp\/v2\/comments?post=18578"}],"version-history":[{"count":1,"href":"http:\/\/www.perupesquero.org\/web\/wp-json\/wp\/v2\/posts\/18578\/revisions"}],"predecessor-version":[{"id":18580,"href":"http:\/\/www.perupesquero.org\/web\/wp-json\/wp\/v2\/posts\/18578\/revisions\/18580"}],"wp:featuredmedia":[{"embeddable":true,"href":"http:\/\/www.perupesquero.org\/web\/wp-json\/wp\/v2\/media\/18579"}],"wp:attachment":[{"href":"http:\/\/www.perupesquero.org\/web\/wp-json\/wp\/v2\/media?parent=18578"}],"wp:term":[{"taxonomy":"category","embeddable":true,"href":"http:\/\/www.perupesquero.org\/web\/wp-json\/wp\/v2\/categories?post=18578"},{"taxonomy":"post_tag","embeddable":true,"href":"http:\/\/www.perupesquero.org\/web\/wp-json\/wp\/v2\/tags?post=18578"}],"curies":[{"name":"wp","href":"https:\/\/api.w.org\/{rel}","templated":true}]}}