{"id":18517,"date":"2020-12-03T22:23:39","date_gmt":"2020-12-04T03:23:39","guid":{"rendered":"http:\/\/www.perupesquero.org\/web\/?p=18517"},"modified":"2020-12-03T22:23:40","modified_gmt":"2020-12-04T03:23:40","slug":"buenas-noticias-encuentran-nido-de-tortugas-en-peligro-de-extincion-en-ecuador","status":"publish","type":"post","link":"http:\/\/www.perupesquero.org\/web\/buenas-noticias-encuentran-nido-de-tortugas-en-peligro-de-extincion-en-ecuador\/","title":{"rendered":"\u00a1Buenas Noticias! Encuentran nido de tortugas en peligro de extinci\u00f3n en Ecuador"},"content":{"rendered":"\n<p>As\u00ed lo confirm\u00f3 el Ministerio del Ambiente y Agua del pa\u00eds, que public\u00f3 un bolet\u00edn respecto a las buenas noticias. Gracias a un reporte a los guardaparques del Refugio de Vida Silvestre Isla Coraz\u00f3n y Fragata, en Ecuador, se pudo encontrar este nido de tortugas.<\/p>\n\n\n\n<p>Corresponde a la tortuga La\u00fad (Dermochelys cori\u00e1cea), el esp\u00e9cimen m\u00e1s grande la familia de reptiles. Este habita en aguas tropicales, subtropicales y sub\u00e1rticas, pudiendo encontrarse en los oc\u00e9anos Atl\u00e1ntico, Pac\u00edfico e \u00cdndico. Adem\u00e1s, estas se destacan por su gran tama\u00f1o, que puede llegar hasta los 3 metros y pesar casi una tonelada. Su proceso de eclosi\u00f3n puede durar hasta 60 d\u00edas.<\/p>\n\n\n\n<p>Lamentablemente, estas tortugas se encuentran en estado de vulnerabilidad y son parte de la Convenci\u00f3n sobre el Comercio Internacional de Especies Amenazadas (CITES). Y es que los depredadores han afectado su reproducci\u00f3n, debido a que consumen sus huevos. Sin embargo, es la actividad humana la que pone en peligro su existencia. Muchos roban sus cr\u00edas, que dan dadas por extraviadas. Adem\u00e1s, la constante contaminaci\u00f3n de los mares con pl\u00e1stico y basura, pone en riesgo su sobrevivencia.<\/p>\n\n\n\n<p>\u00abSi logramos la eclosi\u00f3n de estos espec\u00edmenes, este acontecimiento ser\u00eda catalogado como un evento hist\u00f3rico, pues esta especie es muy especial debido a su situaci\u00f3n de vulnerabilidad\u201d, se\u00f1al\u00f3 el representante del ministerio de esta zona. Anteriormente, en Ecuador se registraron otros dos anidamientos de tortugas, en 2015 y 2017. Sin embargo, estos no eclosionaron, por lo que se pondr\u00e1 especial cuidado a este nuevo nido.<\/p>\n\n\n\n<p>Fuente: Rockpop<\/p>\n","protected":false},"excerpt":{"rendered":"<p>As\u00ed lo confirm\u00f3 el Ministerio del Ambiente y Agua del pa\u00eds, que public\u00f3 un bolet\u00edn respecto a las buenas noticias. Gracias a un reporte a los guardaparques del Refugio de Vida Silvestre Isla Coraz\u00f3n y Fragata, en Ecuador, se pudo encontrar este nido de tortugas. Corresponde a la tortuga La\u00fad (Dermochelys cori\u00e1cea), el esp\u00e9cimen m\u00e1s [&hellip;]<\/p>\n","protected":false},"author":2,"featured_media":18518,"comment_status":"open","ping_status":"open","sticky":false,"template":"","format":"standard","meta":{"footnotes":""},"categories":[77,63,69],"tags":[],"class_list":["post-18517","post","type-post","status-publish","format-standard","has-post-thumbnail","hentry","category-internacionales","category-noticias","category-politica"],"_links":{"self":[{"href":"http:\/\/www.perupesquero.org\/web\/wp-json\/wp\/v2\/posts\/18517","targetHints":{"allow":["GET"]}}],"collection":[{"href":"http:\/\/www.perupesquero.org\/web\/wp-json\/wp\/v2\/posts"}],"about":[{"href":"http:\/\/www.perupesquero.org\/web\/wp-json\/wp\/v2\/types\/post"}],"author":[{"embeddable":true,"href":"http:\/\/www.perupesquero.org\/web\/wp-json\/wp\/v2\/users\/2"}],"replies":[{"embeddable":true,"href":"http:\/\/www.perupesquero.org\/web\/wp-json\/wp\/v2\/comments?post=18517"}],"version-history":[{"count":1,"href":"http:\/\/www.perupesquero.org\/web\/wp-json\/wp\/v2\/posts\/18517\/revisions"}],"predecessor-version":[{"id":18519,"href":"http:\/\/www.perupesquero.org\/web\/wp-json\/wp\/v2\/posts\/18517\/revisions\/18519"}],"wp:featuredmedia":[{"embeddable":true,"href":"http:\/\/www.perupesquero.org\/web\/wp-json\/wp\/v2\/media\/18518"}],"wp:attachment":[{"href":"http:\/\/www.perupesquero.org\/web\/wp-json\/wp\/v2\/media?parent=18517"}],"wp:term":[{"taxonomy":"category","embeddable":true,"href":"http:\/\/www.perupesquero.org\/web\/wp-json\/wp\/v2\/categories?post=18517"},{"taxonomy":"post_tag","embeddable":true,"href":"http:\/\/www.perupesquero.org\/web\/wp-json\/wp\/v2\/tags?post=18517"}],"curies":[{"name":"wp","href":"https:\/\/api.w.org\/{rel}","templated":true}]}}