{"id":18428,"date":"2020-11-25T07:59:38","date_gmt":"2020-11-25T12:59:38","guid":{"rendered":"http:\/\/www.perupesquero.org\/web\/?p=18428"},"modified":"2020-11-25T07:59:39","modified_gmt":"2020-11-25T12:59:39","slug":"perfil-de-la-viceministra-de-pesca-y-acuicultura-ursula-desilu-leon-chempen","status":"publish","type":"post","link":"http:\/\/www.perupesquero.org\/web\/perfil-de-la-viceministra-de-pesca-y-acuicultura-ursula-desilu-leon-chempen\/","title":{"rendered":"Perfil de la Viceministra de Pesca y Acuicultura, \u00darsula Desil\u00fa Le\u00f3n Chemp\u00e9n"},"content":{"rendered":"\n<p>La nueva Viceministra de Pesca y Acuicultura, \u00darsula Desil\u00fa Le\u00f3n Chemp\u00e9n, es Magister en Derecho Empresarial; abogada especializada en Gesti\u00f3n P\u00fablica, con 24 a\u00f1os de trabajo en importantes entidades del Sector P\u00fablico, desempe\u00f1ando cargos de asesor\u00eda y de alta direcci\u00f3n. Con experiencia profesional en el \u00e1mbito del derecho laboral y administrativo, as\u00ed como en la docencia universitaria a nivel de postgrado.\u00a0<\/p>\n\n\n\n<p>En su ejercicio profesional se ha desempe\u00f1ado en diversos cargos ejecutivos, de asesor\u00eda y de direcci\u00f3n en los Sectores de Salud, Educaci\u00f3n, Transportes y Comunicaciones. Los \u00faltimos 12 a\u00f1os, trabaj\u00f3 directamente a nivel de Alta Direcci\u00f3n y desempe\u00f1\u00f3 entre otros, el cargo de Secretaria General del Ministerio de Salud y del Ministerio de Educaci\u00f3n, habiendo coadyuvado en la gesti\u00f3n de los Titulares de las entidades. Ha sido miembro de diversas comisiones sectoriales y multisectoriales. Asimismo, he podido trabajar activamente en temas normativos que han permitido contar actualmente con importantes leyes y decretos en materia de salud, educaci\u00f3n y ejecuci\u00f3n de inversiones.\u00a0<\/p>\n\n\n\n<p>El ejercicio de las funciones antes descritas, le ha permitido participar en los procesos de articulaci\u00f3n intersectoriales e intergubernamentales, debiendo efectuar coordinaciones tanto a nivel del Poder Ejecutivo, como a nivel de Gobiernos Regionales, Locales y con la sociedad civil; as\u00ed como contribuir directamente con el cumplimiento de metas y objetivos en los sectores y entidades antes se\u00f1alados.&nbsp;<\/p>\n","protected":false},"excerpt":{"rendered":"<p>La nueva Viceministra de Pesca y Acuicultura, \u00darsula Desil\u00fa Le\u00f3n Chemp\u00e9n, es Magister en Derecho Empresarial; abogada especializada en Gesti\u00f3n P\u00fablica, con 24 a\u00f1os de trabajo en importantes entidades del Sector P\u00fablico, desempe\u00f1ando cargos de asesor\u00eda y de alta direcci\u00f3n. Con experiencia profesional en el \u00e1mbito del derecho laboral y administrativo, as\u00ed como en la [&hellip;]<\/p>\n","protected":false},"author":2,"featured_media":18429,"comment_status":"open","ping_status":"open","sticky":false,"template":"","format":"standard","meta":{"footnotes":""},"categories":[78,63,69,1904],"tags":[],"class_list":["post-18428","post","type-post","status-publish","format-standard","has-post-thumbnail","hentry","category-nacionales","category-noticias","category-politica","category-principal"],"_links":{"self":[{"href":"http:\/\/www.perupesquero.org\/web\/wp-json\/wp\/v2\/posts\/18428","targetHints":{"allow":["GET"]}}],"collection":[{"href":"http:\/\/www.perupesquero.org\/web\/wp-json\/wp\/v2\/posts"}],"about":[{"href":"http:\/\/www.perupesquero.org\/web\/wp-json\/wp\/v2\/types\/post"}],"author":[{"embeddable":true,"href":"http:\/\/www.perupesquero.org\/web\/wp-json\/wp\/v2\/users\/2"}],"replies":[{"embeddable":true,"href":"http:\/\/www.perupesquero.org\/web\/wp-json\/wp\/v2\/comments?post=18428"}],"version-history":[{"count":1,"href":"http:\/\/www.perupesquero.org\/web\/wp-json\/wp\/v2\/posts\/18428\/revisions"}],"predecessor-version":[{"id":18430,"href":"http:\/\/www.perupesquero.org\/web\/wp-json\/wp\/v2\/posts\/18428\/revisions\/18430"}],"wp:featuredmedia":[{"embeddable":true,"href":"http:\/\/www.perupesquero.org\/web\/wp-json\/wp\/v2\/media\/18429"}],"wp:attachment":[{"href":"http:\/\/www.perupesquero.org\/web\/wp-json\/wp\/v2\/media?parent=18428"}],"wp:term":[{"taxonomy":"category","embeddable":true,"href":"http:\/\/www.perupesquero.org\/web\/wp-json\/wp\/v2\/categories?post=18428"},{"taxonomy":"post_tag","embeddable":true,"href":"http:\/\/www.perupesquero.org\/web\/wp-json\/wp\/v2\/tags?post=18428"}],"curies":[{"name":"wp","href":"https:\/\/api.w.org\/{rel}","templated":true}]}}