{"id":18410,"date":"2020-11-20T19:15:31","date_gmt":"2020-11-21T00:15:31","guid":{"rendered":"http:\/\/www.perupesquero.org\/web\/?p=18410"},"modified":"2020-11-20T19:15:32","modified_gmt":"2020-11-21T00:15:32","slug":"decomisan-875-kilos-de-concha-de-abanico-ilegal-en-sechura","status":"publish","type":"post","link":"http:\/\/www.perupesquero.org\/web\/decomisan-875-kilos-de-concha-de-abanico-ilegal-en-sechura\/","title":{"rendered":"Decomisan 875 kilos de Concha de abanico ilegal en Sechura"},"content":{"rendered":"\n<p>En Sechura se detuvo a dos sujetos que transportaban 875 kilos del recurso hidrobiol\u00f3gico de la especie Concha de abanico (Agropecten purpuratus) y, adem\u00e1s, un veh\u00edculo; ambos bienes est\u00e1n valorizados en aprox., S\/.46,125.00 Soles.<\/p>\n\n\n\n<p>As\u00ed lo inform\u00f3 la Polic\u00eda de Piura, quien conjuntamente con funcionarios de la Direcci\u00f3n de Supervisi\u00f3n, Fiscalizaci\u00f3n y Sanci\u00f3n del Ministerio de la Producci\u00f3n, lo encontraron en el Centro Poblado Parachique (Sechura).<\/p>\n\n\n\n<p><strong>\u201cA horas 16.30 aprox., a la altura del Sector denominado Nuevo Parachique parte alta, se intervino el veh\u00edculo mayor Station Wagon de placa de rodaje N\u00b0 SB-4535, conducido por la persona de Jos\u00e9 Ruiz Fiestas (52), quien iba acompa\u00f1ado de Roger Daniel Ruiz Ant\u00f3n\u201d, afirmaron fuentes policiales.<\/strong><\/p>\n\n\n\n<p>Los detenidos fueron conducidos a la sede del DEPMEMAB PNP \u2013 PIURA, para las diligencias de Ley, en coordinaci\u00f3n con el Representante de la Fiscal\u00eda Especializada en Materia Ambiental de Piura.<\/p>\n\n\n\n<p>Fuente: eltiempo.com<\/p>\n","protected":false},"excerpt":{"rendered":"<p>En Sechura se detuvo a dos sujetos que transportaban 875 kilos del recurso hidrobiol\u00f3gico de la especie Concha de abanico (Agropecten purpuratus) y, adem\u00e1s, un veh\u00edculo; ambos bienes est\u00e1n valorizados en aprox., S\/.46,125.00 Soles. As\u00ed lo inform\u00f3 la Polic\u00eda de Piura, quien conjuntamente con funcionarios de la Direcci\u00f3n de Supervisi\u00f3n, Fiscalizaci\u00f3n y Sanci\u00f3n del Ministerio [&hellip;]<\/p>\n","protected":false},"author":2,"featured_media":18411,"comment_status":"open","ping_status":"open","sticky":false,"template":"","format":"standard","meta":{"footnotes":""},"categories":[78,63,1904],"tags":[],"class_list":["post-18410","post","type-post","status-publish","format-standard","has-post-thumbnail","hentry","category-nacionales","category-noticias","category-principal"],"_links":{"self":[{"href":"http:\/\/www.perupesquero.org\/web\/wp-json\/wp\/v2\/posts\/18410","targetHints":{"allow":["GET"]}}],"collection":[{"href":"http:\/\/www.perupesquero.org\/web\/wp-json\/wp\/v2\/posts"}],"about":[{"href":"http:\/\/www.perupesquero.org\/web\/wp-json\/wp\/v2\/types\/post"}],"author":[{"embeddable":true,"href":"http:\/\/www.perupesquero.org\/web\/wp-json\/wp\/v2\/users\/2"}],"replies":[{"embeddable":true,"href":"http:\/\/www.perupesquero.org\/web\/wp-json\/wp\/v2\/comments?post=18410"}],"version-history":[{"count":1,"href":"http:\/\/www.perupesquero.org\/web\/wp-json\/wp\/v2\/posts\/18410\/revisions"}],"predecessor-version":[{"id":18412,"href":"http:\/\/www.perupesquero.org\/web\/wp-json\/wp\/v2\/posts\/18410\/revisions\/18412"}],"wp:featuredmedia":[{"embeddable":true,"href":"http:\/\/www.perupesquero.org\/web\/wp-json\/wp\/v2\/media\/18411"}],"wp:attachment":[{"href":"http:\/\/www.perupesquero.org\/web\/wp-json\/wp\/v2\/media?parent=18410"}],"wp:term":[{"taxonomy":"category","embeddable":true,"href":"http:\/\/www.perupesquero.org\/web\/wp-json\/wp\/v2\/categories?post=18410"},{"taxonomy":"post_tag","embeddable":true,"href":"http:\/\/www.perupesquero.org\/web\/wp-json\/wp\/v2\/tags?post=18410"}],"curies":[{"name":"wp","href":"https:\/\/api.w.org\/{rel}","templated":true}]}}