{"id":18407,"date":"2020-11-20T18:48:47","date_gmt":"2020-11-20T23:48:47","guid":{"rendered":"http:\/\/www.perupesquero.org\/web\/?p=18407"},"modified":"2020-11-20T18:48:48","modified_gmt":"2020-11-20T23:48:48","slug":"tpparacas-demandara-al-estado-tras-rechazo-a-su-apelacion-por-el-puerto-de-pisco","status":"publish","type":"post","link":"http:\/\/www.perupesquero.org\/web\/tpparacas-demandara-al-estado-tras-rechazo-a-su-apelacion-por-el-puerto-de-pisco\/","title":{"rendered":"TPParacas demandar\u00e1 al Estado tras rechazo a su apelaci\u00f3n por el Puerto de Pisco"},"content":{"rendered":"\n<p>La empresa TPParacas tomar\u00e1 acciones legales contra el Estado peruano luego de que el Servicio Nacional de Certificaci\u00f3n Ambiental para las Inversiones Sostenibles (Senace) declar\u00f3 infundado el recurso de apelaci\u00f3n presentado por la compa\u00f1\u00eda tras haber sido desaprobada su Modificatoria de un Estudio de Impacto Ambiental (MEIA) para continuar con la modernizaci\u00f3n del puerto de Pisco.<\/p>\n\n\n\n<p>\u201cEsta decisi\u00f3n arbitraria se ha tomado a pesar de las contundentes evidencias de buena gesti\u00f3n y comportamiento empresarial demostrado, tanto en la operaci\u00f3n como en los contenidos t\u00e9cnicos y compromisos ambientales propuestos, que demuestran el cuidado y preocupaci\u00f3n que tiene la empresa por el medio ambiente\u201d, se\u00f1al\u00f3 la empresa.<\/p>\n\n\n\n<p>Al respecto, sostuvo que el mismo Estado los invit\u00f3 a participar de una licitaci\u00f3n internacional, que calific\u00f3 y a la que le otorg\u00f3 la buena pro para realizar el proyecto de modernizaci\u00f3n del puerto. \u201cAhora por acciones inexplicables de alguna de sus instituciones -que deber\u00edan alentar la inversi\u00f3n comprometida con el cuidado del medio ambiente- nuevamente pone pretextos para obstruir, por razones ideol\u00f3gicas u otras menos claras, una importante inversi\u00f3n para el pa\u00eds y sobre todo para la regi\u00f3n Ica\u201d indic\u00f3 Jorge Arce, presidente ejecutivo de TPParacas.<\/p>\n\n\n\n<p>Tambi\u00e9n se\u00f1al\u00f3 que el propio Estado, a trav\u00e9s del SERNANP declar\u00f3 en el Contrato de Concesi\u00f3n que no exist\u00edan contingencias ambientales atribuibles al puerto, \u201cpor lo que esta negativa forzada, constituye un p\u00e9simo mensaje a los inversionistas\u201d.<\/p>\n\n\n\n<p>El proyecto de modernizaci\u00f3n del puerto General San Mart\u00edn fue puesto a concurso internacional por el gobierno peruano y TPParacas obtuvo, en el a\u00f1o 2014, la buena pro para su ejecuci\u00f3n. El puerto General San Mart\u00edn existe desde hace m\u00e1s de 50 a\u00f1os (1969), incluso antes de la creaci\u00f3n de la Reserva de Paracas (1975),y fue necesario recuperarlo despu\u00e9s de haber sufrido severos da\u00f1os en un terremoto ocurrido en 2007.<\/p>\n\n\n\n<p>Por ello, el presidente ejecutivo se\u00f1al\u00f3 que la empresa ejercer\u00e1 sus derechos legales de demandar a las personas e instituciones \u201cque resulten responsables de esta arbitrariedad, ante las instancias locales que correspondan\u201d. Tambi\u00e9n denunciar\u00e1 este caso ante el Centro Internacional de Arreglo de Diferencias Relativas a Inversiones (CIADI).<\/p>\n\n\n\n<p>Fuente: Gesti\u00f3n<\/p>\n","protected":false},"excerpt":{"rendered":"<p>La empresa TPParacas tomar\u00e1 acciones legales contra el Estado peruano luego de que el Servicio Nacional de Certificaci\u00f3n Ambiental para las Inversiones Sostenibles (Senace) declar\u00f3 infundado el recurso de apelaci\u00f3n presentado por la compa\u00f1\u00eda tras haber sido desaprobada su Modificatoria de un Estudio de Impacto Ambiental (MEIA) para continuar con la modernizaci\u00f3n del puerto de [&hellip;]<\/p>\n","protected":false},"author":2,"featured_media":18408,"comment_status":"open","ping_status":"open","sticky":false,"template":"","format":"standard","meta":{"footnotes":""},"categories":[78,63,1904],"tags":[],"class_list":["post-18407","post","type-post","status-publish","format-standard","has-post-thumbnail","hentry","category-nacionales","category-noticias","category-principal"],"_links":{"self":[{"href":"http:\/\/www.perupesquero.org\/web\/wp-json\/wp\/v2\/posts\/18407","targetHints":{"allow":["GET"]}}],"collection":[{"href":"http:\/\/www.perupesquero.org\/web\/wp-json\/wp\/v2\/posts"}],"about":[{"href":"http:\/\/www.perupesquero.org\/web\/wp-json\/wp\/v2\/types\/post"}],"author":[{"embeddable":true,"href":"http:\/\/www.perupesquero.org\/web\/wp-json\/wp\/v2\/users\/2"}],"replies":[{"embeddable":true,"href":"http:\/\/www.perupesquero.org\/web\/wp-json\/wp\/v2\/comments?post=18407"}],"version-history":[{"count":1,"href":"http:\/\/www.perupesquero.org\/web\/wp-json\/wp\/v2\/posts\/18407\/revisions"}],"predecessor-version":[{"id":18409,"href":"http:\/\/www.perupesquero.org\/web\/wp-json\/wp\/v2\/posts\/18407\/revisions\/18409"}],"wp:featuredmedia":[{"embeddable":true,"href":"http:\/\/www.perupesquero.org\/web\/wp-json\/wp\/v2\/media\/18408"}],"wp:attachment":[{"href":"http:\/\/www.perupesquero.org\/web\/wp-json\/wp\/v2\/media?parent=18407"}],"wp:term":[{"taxonomy":"category","embeddable":true,"href":"http:\/\/www.perupesquero.org\/web\/wp-json\/wp\/v2\/categories?post=18407"},{"taxonomy":"post_tag","embeddable":true,"href":"http:\/\/www.perupesquero.org\/web\/wp-json\/wp\/v2\/tags?post=18407"}],"curies":[{"name":"wp","href":"https:\/\/api.w.org\/{rel}","templated":true}]}}