{"id":18330,"date":"2020-11-12T13:11:20","date_gmt":"2020-11-12T18:11:20","guid":{"rendered":"http:\/\/www.perupesquero.org\/web\/?p=18330"},"modified":"2020-11-12T13:11:22","modified_gmt":"2020-11-12T18:11:22","slug":"la-nina-continuaria-hasta-marzo-en-el-hemisferio-norte","status":"publish","type":"post","link":"http:\/\/www.perupesquero.org\/web\/la-nina-continuaria-hasta-marzo-en-el-hemisferio-norte\/","title":{"rendered":"La Ni\u00f1a continuar\u00eda hasta marzo en el Hemisferio Norte"},"content":{"rendered":"\n<p>Existe un 95% de posibilidades de que las condiciones de La Ni\u00f1a contin\u00faen durante el invierno del Hemisferio Norte entre enero y marzo, dijo un meteor\u00f3logo del gobierno de Estados Unidos.<\/p>\n\n\n\n<p>En tanto, la probabilidad de que el fen\u00f3meno meteorol\u00f3gico contin\u00fae hasta la primavera boreal del 2021, de marzo a mayo,es del 65%.<\/p>\n\n\n\n<p>El evento clim\u00e1tico La Ni\u00f1a se caracteriza por temperaturas inusualmente fr\u00edas en el oc\u00e9ano Pac\u00edfico ecuatorial y est\u00e1 relacionado con inundaciones y sequ\u00edas.<\/p>\n\n\n\n<p>El mes pasado, el meteor\u00f3logo hab\u00eda dicho que las posibilidades de que las condiciones de La Ni\u00f1a continuaran durante el invierno boreal eran del 85%.<\/p>\n\n\n\n<p>Fuente: Reuters<\/p>\n","protected":false},"excerpt":{"rendered":"<p>Existe un 95% de posibilidades de que las condiciones de La Ni\u00f1a contin\u00faen durante el invierno del Hemisferio Norte entre enero y marzo, dijo un meteor\u00f3logo del gobierno de Estados Unidos. En tanto, la probabilidad de que el fen\u00f3meno meteorol\u00f3gico contin\u00fae hasta la primavera boreal del 2021, de marzo a mayo,es del 65%. El evento [&hellip;]<\/p>\n","protected":false},"author":2,"featured_media":18331,"comment_status":"open","ping_status":"open","sticky":false,"template":"","format":"standard","meta":{"footnotes":""},"categories":[77,78,63,69],"tags":[],"class_list":["post-18330","post","type-post","status-publish","format-standard","has-post-thumbnail","hentry","category-internacionales","category-nacionales","category-noticias","category-politica"],"_links":{"self":[{"href":"http:\/\/www.perupesquero.org\/web\/wp-json\/wp\/v2\/posts\/18330","targetHints":{"allow":["GET"]}}],"collection":[{"href":"http:\/\/www.perupesquero.org\/web\/wp-json\/wp\/v2\/posts"}],"about":[{"href":"http:\/\/www.perupesquero.org\/web\/wp-json\/wp\/v2\/types\/post"}],"author":[{"embeddable":true,"href":"http:\/\/www.perupesquero.org\/web\/wp-json\/wp\/v2\/users\/2"}],"replies":[{"embeddable":true,"href":"http:\/\/www.perupesquero.org\/web\/wp-json\/wp\/v2\/comments?post=18330"}],"version-history":[{"count":1,"href":"http:\/\/www.perupesquero.org\/web\/wp-json\/wp\/v2\/posts\/18330\/revisions"}],"predecessor-version":[{"id":18332,"href":"http:\/\/www.perupesquero.org\/web\/wp-json\/wp\/v2\/posts\/18330\/revisions\/18332"}],"wp:featuredmedia":[{"embeddable":true,"href":"http:\/\/www.perupesquero.org\/web\/wp-json\/wp\/v2\/media\/18331"}],"wp:attachment":[{"href":"http:\/\/www.perupesquero.org\/web\/wp-json\/wp\/v2\/media?parent=18330"}],"wp:term":[{"taxonomy":"category","embeddable":true,"href":"http:\/\/www.perupesquero.org\/web\/wp-json\/wp\/v2\/categories?post=18330"},{"taxonomy":"post_tag","embeddable":true,"href":"http:\/\/www.perupesquero.org\/web\/wp-json\/wp\/v2\/tags?post=18330"}],"curies":[{"name":"wp","href":"https:\/\/api.w.org\/{rel}","templated":true}]}}