{"id":18276,"date":"2020-11-09T16:15:33","date_gmt":"2020-11-09T21:15:33","guid":{"rendered":"http:\/\/www.perupesquero.org\/web\/?p=18276"},"modified":"2020-11-09T16:15:35","modified_gmt":"2020-11-09T21:15:35","slug":"piura-fiscalia-investiga-a-pescador-por-derrame-de-petroleo-en-mancora","status":"publish","type":"post","link":"http:\/\/www.perupesquero.org\/web\/piura-fiscalia-investiga-a-pescador-por-derrame-de-petroleo-en-mancora\/","title":{"rendered":"Piura: Fiscal\u00eda investiga a pescador por derrame de petr\u00f3leo en M\u00e1ncora"},"content":{"rendered":"\n<p>Tras registrarse un derrame de hidrocarburos (petr\u00f3leo) en la bah\u00eda de M\u00e1ncora, regi\u00f3n Piura, la Fiscal\u00eda Especializada en Materia Ambiental de Sullana, a cargo del Dr. N\u00e9stor Luis Sosa Carrillo, inici\u00f3 una investigaci\u00f3n al pescador Jos\u00e9 S\u00e1nchez Troncos por el delito de contaminaci\u00f3n del ambiente en agravio del Estado.<\/p>\n\n\n\n<p>El hecho se produjo el \u00faltimo fin de semana, a 50 metros del desembarcadero pesquero artesanal de M\u00e1ncora.<\/p>\n\n\n\n<p>Hasta el lugar lleg\u00f3 el personal del puesto de Capitan\u00eda&nbsp; de M\u00e1ncora y, tras una inspecci\u00f3n por v\u00eda mar\u00edtima y zona de playa, se observ\u00f3 que la mancha proven\u00eda de la embarcaci\u00f3n pesquera \u201cPuerto Deseado\u201d con matr\u00edcula TA-02356-BM de propiedad de Jos\u00e9 Santos S\u00e1nchez Troncos.<\/p>\n\n\n\n<p>Las autoridades mar\u00edtimas levantaron un acta de constataci\u00f3n, se ubic\u00f3 y dirigi\u00f3 al propietario al puesto de Capitan\u00eda de M\u00e1ncora, quien reconoci\u00f3 que su embarcaci\u00f3n fue responsable del derrame de petr\u00f3leo. Mientras realizaba la limpieza del tanque de combustible, el hombre de Mar dijo que estimaba que el derrame no superaba los cinco galones.<\/p>\n\n\n\n<p>Como se recuerda, hay otro proceso de investigaci\u00f3n en curso contra la plataforma petrolera UU, conducida por la empresa SAVIA. Se sospecha que en octubre, habr\u00eda ocasionado derrame de petr\u00f3leo en la zona denominada Pe\u00f1a Negra en el distrito de Cabo Blanco \u2013 Talara.<\/p>\n\n\n\n<p>Este es el segundo derrame de petr\u00f3leo en menos de un mes que se da en la provincia de Talara. Los pescadores de M\u00e1ncora tambi\u00e9n han pedido la intervenci\u00f3n del Organismo de Evaluaci\u00f3n y Fiscalizaci\u00f3n Ambiental<\/p>\n\n\n\n<p>Fuente: rpp<\/p>\n","protected":false},"excerpt":{"rendered":"<p>Tras registrarse un derrame de hidrocarburos (petr\u00f3leo) en la bah\u00eda de M\u00e1ncora, regi\u00f3n Piura, la Fiscal\u00eda Especializada en Materia Ambiental de Sullana, a cargo del Dr. N\u00e9stor Luis Sosa Carrillo, inici\u00f3 una investigaci\u00f3n al pescador Jos\u00e9 S\u00e1nchez Troncos por el delito de contaminaci\u00f3n del ambiente en agravio del Estado. El hecho se produjo el \u00faltimo [&hellip;]<\/p>\n","protected":false},"author":2,"featured_media":18277,"comment_status":"open","ping_status":"open","sticky":false,"template":"","format":"standard","meta":{"footnotes":""},"categories":[78,63,1904],"tags":[],"class_list":["post-18276","post","type-post","status-publish","format-standard","has-post-thumbnail","hentry","category-nacionales","category-noticias","category-principal"],"_links":{"self":[{"href":"http:\/\/www.perupesquero.org\/web\/wp-json\/wp\/v2\/posts\/18276","targetHints":{"allow":["GET"]}}],"collection":[{"href":"http:\/\/www.perupesquero.org\/web\/wp-json\/wp\/v2\/posts"}],"about":[{"href":"http:\/\/www.perupesquero.org\/web\/wp-json\/wp\/v2\/types\/post"}],"author":[{"embeddable":true,"href":"http:\/\/www.perupesquero.org\/web\/wp-json\/wp\/v2\/users\/2"}],"replies":[{"embeddable":true,"href":"http:\/\/www.perupesquero.org\/web\/wp-json\/wp\/v2\/comments?post=18276"}],"version-history":[{"count":1,"href":"http:\/\/www.perupesquero.org\/web\/wp-json\/wp\/v2\/posts\/18276\/revisions"}],"predecessor-version":[{"id":18278,"href":"http:\/\/www.perupesquero.org\/web\/wp-json\/wp\/v2\/posts\/18276\/revisions\/18278"}],"wp:featuredmedia":[{"embeddable":true,"href":"http:\/\/www.perupesquero.org\/web\/wp-json\/wp\/v2\/media\/18277"}],"wp:attachment":[{"href":"http:\/\/www.perupesquero.org\/web\/wp-json\/wp\/v2\/media?parent=18276"}],"wp:term":[{"taxonomy":"category","embeddable":true,"href":"http:\/\/www.perupesquero.org\/web\/wp-json\/wp\/v2\/categories?post=18276"},{"taxonomy":"post_tag","embeddable":true,"href":"http:\/\/www.perupesquero.org\/web\/wp-json\/wp\/v2\/tags?post=18276"}],"curies":[{"name":"wp","href":"https:\/\/api.w.org\/{rel}","templated":true}]}}