{"id":18273,"date":"2020-11-08T20:23:06","date_gmt":"2020-11-09T01:23:06","guid":{"rendered":"http:\/\/www.perupesquero.org\/web\/?p=18273"},"modified":"2020-11-08T20:23:07","modified_gmt":"2020-11-09T01:23:07","slug":"merluza-industriales-no-pescaran-el-recurso-dermesal-por-siete-dias","status":"publish","type":"post","link":"http:\/\/www.perupesquero.org\/web\/merluza-industriales-no-pescaran-el-recurso-dermesal-por-siete-dias\/","title":{"rendered":"Merluza: Industriales no pescar\u00e1n el recurso dermesal por siete d\u00edas"},"content":{"rendered":"\n<p>Por un periodo de siete d\u00edas, las embarcaciones industriales arrastreras no podr\u00e1n extraer el recurso Merluza (Merluccius gayi peruanus), as\u00ed lo determin\u00f3 el Ministerio de la Producci\u00f3n de acuerdo con la Resoluci\u00f3n Ministerial 382-2020- PRODUCE.<\/p>\n\n\n\n<p>La suspensi\u00f3n temporal entrar\u00e1 en vigor a partir de ma\u00f1ana 9 de noviembre y se desarrollar\u00e1 entre los puntos 04\u00b040\u2019S y 05\u00b000\u2019S, a fin de proteger al citado recurso y contribuir a la sostenibilidad de la actividad pesquera.<\/p>\n\n\n\n<p>Se establece exceptuar de la presente suspensi\u00f3n a la flota artesanal que participa en la pesca exploratoria de la Merluza, autorizada mediante RM 317-2019 -PRODUCE, modificada con RM 204-2020-PRODUCE.<\/p>\n\n\n\n<p>La mencionada flota est\u00e1 sujeta al monitoreo y seguimiento de los indicadores biol\u00f3gicos, poblacionales y pesqueros del Instituto del Mar del Per\u00fa (Imarpe).<\/p>\n\n\n\n<p>En los considerandos de la norma, se sustenta que la decisi\u00f3n de detener temporalmente la pesca de Merluza se debi\u00f3 que el Imarpe registr\u00f3 por tres d\u00edas consecutivos capturas incidentales que superan el 20% de ejemplares menores a 28 cm de longitud.<\/p>\n\n\n\n<p>Este cese de captura de Merluza por siete d\u00edas calendarios se hizo con la finalidad de mantener la conservaci\u00f3n del recurso en l\u00ednea con su proceso de recuperaci\u00f3n y contribuir a la sostenibilidad de la actividad pesquera.<\/p>\n","protected":false},"excerpt":{"rendered":"<p>Por un periodo de siete d\u00edas, las embarcaciones industriales arrastreras no podr\u00e1n extraer el recurso Merluza (Merluccius gayi peruanus), as\u00ed lo determin\u00f3 el Ministerio de la Producci\u00f3n de acuerdo con la Resoluci\u00f3n Ministerial 382-2020- PRODUCE. La suspensi\u00f3n temporal entrar\u00e1 en vigor a partir de ma\u00f1ana 9 de noviembre y se desarrollar\u00e1 entre los puntos 04\u00b040\u2019S [&hellip;]<\/p>\n","protected":false},"author":2,"featured_media":18274,"comment_status":"open","ping_status":"open","sticky":false,"template":"","format":"standard","meta":{"footnotes":""},"categories":[78,63,69],"tags":[],"class_list":["post-18273","post","type-post","status-publish","format-standard","has-post-thumbnail","hentry","category-nacionales","category-noticias","category-politica"],"_links":{"self":[{"href":"http:\/\/www.perupesquero.org\/web\/wp-json\/wp\/v2\/posts\/18273","targetHints":{"allow":["GET"]}}],"collection":[{"href":"http:\/\/www.perupesquero.org\/web\/wp-json\/wp\/v2\/posts"}],"about":[{"href":"http:\/\/www.perupesquero.org\/web\/wp-json\/wp\/v2\/types\/post"}],"author":[{"embeddable":true,"href":"http:\/\/www.perupesquero.org\/web\/wp-json\/wp\/v2\/users\/2"}],"replies":[{"embeddable":true,"href":"http:\/\/www.perupesquero.org\/web\/wp-json\/wp\/v2\/comments?post=18273"}],"version-history":[{"count":1,"href":"http:\/\/www.perupesquero.org\/web\/wp-json\/wp\/v2\/posts\/18273\/revisions"}],"predecessor-version":[{"id":18275,"href":"http:\/\/www.perupesquero.org\/web\/wp-json\/wp\/v2\/posts\/18273\/revisions\/18275"}],"wp:featuredmedia":[{"embeddable":true,"href":"http:\/\/www.perupesquero.org\/web\/wp-json\/wp\/v2\/media\/18274"}],"wp:attachment":[{"href":"http:\/\/www.perupesquero.org\/web\/wp-json\/wp\/v2\/media?parent=18273"}],"wp:term":[{"taxonomy":"category","embeddable":true,"href":"http:\/\/www.perupesquero.org\/web\/wp-json\/wp\/v2\/categories?post=18273"},{"taxonomy":"post_tag","embeddable":true,"href":"http:\/\/www.perupesquero.org\/web\/wp-json\/wp\/v2\/tags?post=18273"}],"curies":[{"name":"wp","href":"https:\/\/api.w.org\/{rel}","templated":true}]}}