{"id":1823,"date":"2014-05-05T19:52:48","date_gmt":"2014-05-06T00:52:48","guid":{"rendered":"http:\/\/www.perupesquero.org\/?p=1823"},"modified":"2014-05-05T19:52:48","modified_gmt":"2014-05-06T00:52:48","slug":"empresas-exportadoras-de-sectores-agro-y-pesca-participaran-en-feria-apas-en-brasil","status":"publish","type":"post","link":"http:\/\/www.perupesquero.org\/web\/empresas-exportadoras-de-sectores-agro-y-pesca-participaran-en-feria-apas-en-brasil\/","title":{"rendered":"Empresas exportadoras de sectores Agro y Pesca participar\u00e1n en feria APAS en Brasil"},"content":{"rendered":"<p style=\"text-align: justify;\">El Ministerio de Comercio Exterior y Turismo (Mincetur), a trav\u00e9s de su Oficina Comercial en Brasil, inform\u00f3 que una delegaci\u00f3n de 21 empresas exportadoras expondr\u00e1n alimentos peruanos de los sectores agro y pesca en la FeriaAPAS (Asociaci\u00f3n Paulista de Supermercados) 2014 en Brasil.<\/p>\n<p style=\"text-align: justify;\">Entre los productos que se promover\u00e1n en el mercado brasilero se encuentran la quinua, kiwicha, aceitunas, cebollas, ajos, esp\u00e1rragos, conservas de hortalizas, Pescados, Anchoveta, Mariscos en conserva y congelados, as\u00ed como maca.<br \/>\nDurante la feria APAS no solo se lanzar\u00e1n nuevas presentaciones de productos agr\u00edcolas peruanos sino se presentar\u00e1n tambi\u00e9n los consorcios de productores de Tacna, Moquegua y Arequipa que se agrupan en el proyecto Emporio Agro Peruano: Centro de ventas de productos agr\u00edcolas peruanos en S\u00e3o Paulo.<\/p>\n<p style=\"text-align: justify;\">Los productores organizados de or\u00e9gano, aceituna, ajo y cebolla presentar\u00e1n sus productos directamente a los distribuidores y mayoristas en Brasil, y que vienen siendo asistidos por Promper\u00fa a trav\u00e9s de sus programas de Ruta Exportadora y promoci\u00f3n comercial.<\/p>\n<p style=\"text-align: justify;\">Es preciso indicar que las exportaciones agr\u00edcolas del Per\u00fa a Brasil crecieron 46.8% entre enero-febrero del presente a\u00f1o seg\u00fan cifras de Aduanas, y se espera mantener este crecimiento durante el presente a\u00f1o en especial durante el segundo semestre.<\/p>\n<p style=\"text-align: justify;\">Cabe resaltar que el Per\u00fa es el segundo mayor proveedor de aceituna de Brasil, respondiendo por 10% del total importado, y este a\u00f1o 2014 tiene grandes oportunidades de aumentar esta cuota en funci\u00f3n del incremento de los vol\u00famenes producidos en la presente campa\u00f1a y los problemas de producci\u00f3n que exiten en Argentina, principal proveedor en la actualidad.<\/p>\n<p style=\"text-align: justify;\">En estos primeros dos meses se export\u00f3 US$ 2\u2019957,000 de aceitunas representando un crecimiento del 42% frente al 2013.<\/p>\n<p style=\"text-align: justify;\">Las exportaciones peruanas al Brasil de quinua y sus productos con valor agregado ascendieron a US$ 1\u2019308,000 entre enero y febrero del presente a\u00f1o, representando m\u00e1s del 50% del total exportado durante el 2013.<br \/>\nGracias a las campa\u00f1as de promoci\u00f3n por cliente de la quinua las empresas peruanas exportaron m\u00e1s de 240 toneladas de este producto, siete veces m\u00e1s que la cantidad enviada durante los dos primeros meses del 2013 (31 toneladas por un valor de US$ 100,000).<\/p>\n<p style=\"text-align: justify;\">Estas cifras nos permiten proyectar exportaciones de quinua al mercado brasile\u00f1o por un monto superior a los US$ 7 millones este a\u00f1o. Con esa proyecci\u00f3n, Brasil podr\u00eda constituirse en el segundo o el tercer destino de la quinua peruana en el mundo, superando a Canad\u00e1, Reino Unido, Alemania, Francia, Pa\u00edses Bajos y Australia, principales mercados para este producto.<\/p>\n<p style=\"text-align: justify;\"><strong>El dato:<\/strong><br \/>\nAPAS 2014 se realizar\u00e1 en Sao Paulo entre el 5 y 8 de mayo, y prev\u00e9 reunir a m\u00e1s de 70,000 empresarios, ejecutivos y personas interesadas en conocer los \u00faltimos lanzamientos en el sector de alimentos y bebidas y aprovechar las oportunidades comerciales que se presenten.<\/p>\n<p style=\"text-align: justify;\">En esta feria est\u00e1n presentes todos los canales de compra de alimentos m\u00e1s importantes e influyentes, miembros de la prensa especializada y de los consumidores y de otros negocios relacionados. Adem\u00e1s, congrega a los m\u00e1s importantes distribuidores, proveedores y supermercadistas de todo Brasil.<\/p>\n<p style=\"text-align: justify;\">FUENTE: Gestion.pe<\/p>\n","protected":false},"excerpt":{"rendered":"<p>El Ministerio de Comercio Exterior y Turismo (Mincetur), a trav\u00e9s de su Oficina Comercial en Brasil, inform\u00f3 que una delegaci\u00f3n de 21 empresas exportadoras expondr\u00e1n alimentos peruanos de los sectores agro y pesca en la FeriaAPAS (Asociaci\u00f3n Paulista de Supermercados) 2014 en Brasil. Entre los productos que se promover\u00e1n en el mercado brasilero se encuentran [&hellip;]<\/p>\n","protected":false},"author":2,"featured_media":1830,"comment_status":"open","ping_status":"open","sticky":false,"template":"","format":"standard","meta":{"footnotes":""},"categories":[63],"tags":[],"class_list":["post-1823","post","type-post","status-publish","format-standard","has-post-thumbnail","hentry","category-noticias"],"_links":{"self":[{"href":"http:\/\/www.perupesquero.org\/web\/wp-json\/wp\/v2\/posts\/1823","targetHints":{"allow":["GET"]}}],"collection":[{"href":"http:\/\/www.perupesquero.org\/web\/wp-json\/wp\/v2\/posts"}],"about":[{"href":"http:\/\/www.perupesquero.org\/web\/wp-json\/wp\/v2\/types\/post"}],"author":[{"embeddable":true,"href":"http:\/\/www.perupesquero.org\/web\/wp-json\/wp\/v2\/users\/2"}],"replies":[{"embeddable":true,"href":"http:\/\/www.perupesquero.org\/web\/wp-json\/wp\/v2\/comments?post=1823"}],"version-history":[{"count":0,"href":"http:\/\/www.perupesquero.org\/web\/wp-json\/wp\/v2\/posts\/1823\/revisions"}],"wp:featuredmedia":[{"embeddable":true,"href":"http:\/\/www.perupesquero.org\/web\/wp-json\/"}],"wp:attachment":[{"href":"http:\/\/www.perupesquero.org\/web\/wp-json\/wp\/v2\/media?parent=1823"}],"wp:term":[{"taxonomy":"category","embeddable":true,"href":"http:\/\/www.perupesquero.org\/web\/wp-json\/wp\/v2\/categories?post=1823"},{"taxonomy":"post_tag","embeddable":true,"href":"http:\/\/www.perupesquero.org\/web\/wp-json\/wp\/v2\/tags?post=1823"}],"curies":[{"name":"wp","href":"https:\/\/api.w.org\/{rel}","templated":true}]}}