{"id":18090,"date":"2020-10-21T19:47:00","date_gmt":"2020-10-22T00:47:00","guid":{"rendered":"http:\/\/www.perupesquero.org\/web\/?p=18090"},"modified":"2020-10-21T19:47:01","modified_gmt":"2020-10-22T00:47:01","slug":"la-nina-arequipa-es-declarada-en-situacion-de-emergencia-por-lluvias","status":"publish","type":"post","link":"http:\/\/www.perupesquero.org\/web\/la-nina-arequipa-es-declarada-en-situacion-de-emergencia-por-lluvias\/","title":{"rendered":"La Ni\u00f1a: Arequipa es declarada en situaci\u00f3n de emergencia por lluvias"},"content":{"rendered":"\n<p>Se declar\u00f3 en emergencia por 60 d\u00edas a la regi\u00f3n de Arequipa ante un posible periodo de lluvias, que en este a\u00f1o ser\u00edan muy intensas por el evento &nbsp;La Ni\u00f1a. As\u00ed lo pronosticaron las autoridades que trabajan con el prop\u00f3sito de prevenci\u00f3n para mitigar los efectos o consecuencias del periodo pluvial.<\/p>\n\n\n\n<p>La decisi\u00f3n del pleno del Consejo Regional de Arequipa, la Oficina Regional de Defensa Nacional y Defensa Civil del gobierno regional proveer\u00e1 de combustible a los gobiernos locales para trabajos tareas de prevenci\u00f3n que acceder\u00e1 mitigar los efectos de las intensas precipitaciones pluviales que se podr\u00edan reportar.<\/p>\n\n\n\n<p>Alfonso Mamani Quispe, jefe de la entidad regional, se\u00f1al\u00f3 que el hidrocarburo se abastecer\u00e1 a los municipios previa sustentaci\u00f3n de la necesidad, por medio de una ficha de actividad de emergencia, documento que ser\u00e1 supervisado por evaluadores del Centro de Operaciones de Emergencia Regional (COER).<\/p>\n\n\n\n<p>Adem\u00e1s indic\u00f3 que tareas de prevenci\u00f3n se realizar\u00e1n los meses de noviembre y diciembre, previo al inicio el periodo de lluvias que, seg\u00fan los pron\u00f3sticos, ser\u00edan intensas por La Ni\u00f1a.<\/p>\n\n\n\n<p>Mamani inform\u00f3 que se ha requerido 1.5 millones de soles de presupuesto para la adquisici\u00f3n de combustible que se dar\u00e1 a las municipalidades para las labores de limpieza.<\/p>\n","protected":false},"excerpt":{"rendered":"<p>Se declar\u00f3 en emergencia por 60 d\u00edas a la regi\u00f3n de Arequipa ante un posible periodo de lluvias, que en este a\u00f1o ser\u00edan muy intensas por el evento &nbsp;La Ni\u00f1a. As\u00ed lo pronosticaron las autoridades que trabajan con el prop\u00f3sito de prevenci\u00f3n para mitigar los efectos o consecuencias del periodo pluvial. La decisi\u00f3n del pleno [&hellip;]<\/p>\n","protected":false},"author":2,"featured_media":18091,"comment_status":"open","ping_status":"open","sticky":false,"template":"","format":"standard","meta":{"footnotes":""},"categories":[78,63,69],"tags":[],"class_list":["post-18090","post","type-post","status-publish","format-standard","has-post-thumbnail","hentry","category-nacionales","category-noticias","category-politica"],"_links":{"self":[{"href":"http:\/\/www.perupesquero.org\/web\/wp-json\/wp\/v2\/posts\/18090","targetHints":{"allow":["GET"]}}],"collection":[{"href":"http:\/\/www.perupesquero.org\/web\/wp-json\/wp\/v2\/posts"}],"about":[{"href":"http:\/\/www.perupesquero.org\/web\/wp-json\/wp\/v2\/types\/post"}],"author":[{"embeddable":true,"href":"http:\/\/www.perupesquero.org\/web\/wp-json\/wp\/v2\/users\/2"}],"replies":[{"embeddable":true,"href":"http:\/\/www.perupesquero.org\/web\/wp-json\/wp\/v2\/comments?post=18090"}],"version-history":[{"count":1,"href":"http:\/\/www.perupesquero.org\/web\/wp-json\/wp\/v2\/posts\/18090\/revisions"}],"predecessor-version":[{"id":18092,"href":"http:\/\/www.perupesquero.org\/web\/wp-json\/wp\/v2\/posts\/18090\/revisions\/18092"}],"wp:featuredmedia":[{"embeddable":true,"href":"http:\/\/www.perupesquero.org\/web\/wp-json\/wp\/v2\/media\/18091"}],"wp:attachment":[{"href":"http:\/\/www.perupesquero.org\/web\/wp-json\/wp\/v2\/media?parent=18090"}],"wp:term":[{"taxonomy":"category","embeddable":true,"href":"http:\/\/www.perupesquero.org\/web\/wp-json\/wp\/v2\/categories?post=18090"},{"taxonomy":"post_tag","embeddable":true,"href":"http:\/\/www.perupesquero.org\/web\/wp-json\/wp\/v2\/tags?post=18090"}],"curies":[{"name":"wp","href":"https:\/\/api.w.org\/{rel}","templated":true}]}}