{"id":18042,"date":"2020-10-19T18:38:20","date_gmt":"2020-10-19T23:38:20","guid":{"rendered":"http:\/\/www.perupesquero.org\/web\/?p=18042"},"modified":"2020-10-19T18:38:21","modified_gmt":"2020-10-19T23:38:21","slug":"melvin-nunez-durante-anos-se-ha-mal-ensenado-que-la-pesca-de-arrastre-es-destructiva","status":"publish","type":"post","link":"http:\/\/www.perupesquero.org\/web\/melvin-nunez-durante-anos-se-ha-mal-ensenado-que-la-pesca-de-arrastre-es-destructiva\/","title":{"rendered":"Melvin N\u00fa\u00f1ez: Durante a\u00f1os se ha mal ense\u00f1ado que la pesca de arrastre es destructiva"},"content":{"rendered":"\n<p>Costa Rica. \u201cDurante a\u00f1os se ha ense\u00f1ado, mal ense\u00f1ado, que la pesca de arrastre es destructiva, es completamente fuera de orden de parte natural. Pero Gracias a Dios aqu\u00ed en Costa Rica tenemos gente con ingenio que invent\u00f3 una parte t\u00e9cnica en las redes nuevas que se llama Doble A Costa Rica, que eso nos viene a dar tambi\u00e9n un auge que ser\u00eda la primera naci\u00f3n por encima de Surinam que tiene una fauna de acompa\u00f1amiento ya muy reducida en esta pesca\u201d, manifest\u00f3 el congresista.<\/p>\n\n\n\n<p>N\u00fa\u00f1ez fue enf\u00e1tico en aclarar que este proyecto significa un empuje al empleo en las zonas costeras, debido a que se espera que genere al rededor de 3 mil empleos directos y unos 2 mil indirectos, \u201cno es un tema para dejarlo para despu\u00e9s, es un tema para verlo con diferentes ojos, con un rostro humano que hoy carece en nuestras leyes\u201d, agreg\u00f3.<\/p>\n\n\n\n<p>Sin embargo, de aprobarse, el proyecto no iniciar\u00eda de inmediato, hay que realizar estudios de biomasa para evaluar la cantidad de licencias que se otorgar\u00e1n, y que tardar\u00eda aproximadamente un a\u00f1o.<\/p>\n\n\n\n<p>Grupos de ambientalistas, han explicado que este proyecto generar\u00eda un deterioro a la biodiversidad mar\u00edtima por la t\u00e9cnica utilizada en esta forma de recolecci\u00f3n, ante esto N\u00fa\u00f1ez respondi\u00f3 que cuentan con el  &#8220;respaldo jur\u00eddico&#8221;.<\/p>\n\n\n\n<p>\u201cHay que a\u00f1adir a esto que nos dieron la raz\u00f3n en la parte jur\u00eddica, en la parte t\u00e9cnica y en la parte jur\u00eddica; quienes hoy dicen estar en contra no tienen eso de peso para que sigan peleando algo que m\u00e1s bien es un ego\u00edsmo\u201d, agreg\u00f3.<\/p>\n\n\n\n<p>N\u00fa\u00f1ez recalca la necesidad de no dejar por fuera los peque\u00f1os sectores productivos, que sostienen la econom\u00eda local en las provincias perif\u00e9ricas, \u201cla pesca de camar\u00f3n sostenible es posible en Costa Rica y sobre todo hay que decirle a los costarricenses, en Guanacaste los pescadores artesanales hasta el d\u00eda de hoy tambi\u00e9n usan pesca de arrastre con otras redes que no tienen excluidores como la que tiene Doble A Costa Rica y eso no lo dicen\u201d, sostuvo.<\/p>\n\n\n\n<p>N\u00fa\u00f1ez ve con optimismo la aprobaci\u00f3n de este proyectos y se\u00f1al\u00f3 que cuenta con el voto de algunos legisladores.<\/p>\n\n\n\n<p>\u201cHemos buscado bastantes votos, acu\u00e9rdense que quien inicio ese proyecto fui yo, pero realmente he tenido socios muy buenos en esto que han generado el entendimiento que las pesquer\u00edas no se cierran se regulan y s\u00ed, s\u00ed tengo apoyo de otras fracciones y tambi\u00e9n de los independientes que se han portado en esto coherentes a la hora de ir a una votaci\u00f3n tan importante\u201d, concluy\u00f3.<\/p>\n\n\n\n<p>Fuente: El mundo<\/p>\n","protected":false},"excerpt":{"rendered":"<p>Costa Rica. \u201cDurante a\u00f1os se ha ense\u00f1ado, mal ense\u00f1ado, que la pesca de arrastre es destructiva, es completamente fuera de orden de parte natural. Pero Gracias a Dios aqu\u00ed en Costa Rica tenemos gente con ingenio que invent\u00f3 una parte t\u00e9cnica en las redes nuevas que se llama Doble A Costa Rica, que eso nos [&hellip;]<\/p>\n","protected":false},"author":2,"featured_media":18043,"comment_status":"open","ping_status":"open","sticky":false,"template":"","format":"standard","meta":{"footnotes":""},"categories":[77,63,69],"tags":[],"class_list":["post-18042","post","type-post","status-publish","format-standard","has-post-thumbnail","hentry","category-internacionales","category-noticias","category-politica"],"_links":{"self":[{"href":"http:\/\/www.perupesquero.org\/web\/wp-json\/wp\/v2\/posts\/18042","targetHints":{"allow":["GET"]}}],"collection":[{"href":"http:\/\/www.perupesquero.org\/web\/wp-json\/wp\/v2\/posts"}],"about":[{"href":"http:\/\/www.perupesquero.org\/web\/wp-json\/wp\/v2\/types\/post"}],"author":[{"embeddable":true,"href":"http:\/\/www.perupesquero.org\/web\/wp-json\/wp\/v2\/users\/2"}],"replies":[{"embeddable":true,"href":"http:\/\/www.perupesquero.org\/web\/wp-json\/wp\/v2\/comments?post=18042"}],"version-history":[{"count":1,"href":"http:\/\/www.perupesquero.org\/web\/wp-json\/wp\/v2\/posts\/18042\/revisions"}],"predecessor-version":[{"id":18044,"href":"http:\/\/www.perupesquero.org\/web\/wp-json\/wp\/v2\/posts\/18042\/revisions\/18044"}],"wp:featuredmedia":[{"embeddable":true,"href":"http:\/\/www.perupesquero.org\/web\/wp-json\/wp\/v2\/media\/18043"}],"wp:attachment":[{"href":"http:\/\/www.perupesquero.org\/web\/wp-json\/wp\/v2\/media?parent=18042"}],"wp:term":[{"taxonomy":"category","embeddable":true,"href":"http:\/\/www.perupesquero.org\/web\/wp-json\/wp\/v2\/categories?post=18042"},{"taxonomy":"post_tag","embeddable":true,"href":"http:\/\/www.perupesquero.org\/web\/wp-json\/wp\/v2\/tags?post=18042"}],"curies":[{"name":"wp","href":"https:\/\/api.w.org\/{rel}","templated":true}]}}