{"id":17972,"date":"2020-10-16T10:33:37","date_gmt":"2020-10-16T15:33:37","guid":{"rendered":"http:\/\/www.perupesquero.org\/web\/?p=17972"},"modified":"2020-10-16T10:33:38","modified_gmt":"2020-10-16T15:33:38","slug":"austral-group-integra-el-ranking-merco-de-las-100-empresas-y-lideres-con-mejor-reputacion-en-el-peru-2020","status":"publish","type":"post","link":"http:\/\/www.perupesquero.org\/web\/austral-group-integra-el-ranking-merco-de-las-100-empresas-y-lideres-con-mejor-reputacion-en-el-peru-2020\/","title":{"rendered":"AUSTRAL GROUP integra el Ranking MERCO de las 100 empresas y l\u00edderes con mejor reputaci\u00f3n en el Per\u00fa 2020"},"content":{"rendered":"\n<p>La empresa pesquera Austral Group, fue seleccionada como una de las 100 empresas con mejor reputaci\u00f3n corporativa en el Per\u00fa 2020, adem\u00e1s, su gerente general, Adriana Giudice, fue reconocida tambi\u00e9n dentro de los 100 l\u00edderes empresariales con mejor reputaci\u00f3n en el ranking MERCO.<\/p>\n\n\n\n<p>Alrededor de 22,340 encuestados por Datum y MERCO evaluaron a las empresas a trav\u00e9s de m\u00e1s de 200 indicadores de gesti\u00f3n, estructurados en siete apartados (resultados econ\u00f3mico \u2013 financieros, calidad de la oferta comercial, talento, \u00e9tica, y responsabilidad corporativa, entre otros).<\/p>\n\n\n\n<p>\u201cDesde Austral, nos sentimos muy orgullosos de integrar este ranking, ya que este logro es un reconocimiento a la labor que todos los miembros de la familia Austral desempe\u00f1amos para alcanzar nuestras metas trazadas\u201d, expres\u00f3 Giudice. Adem\u00e1s, agradeci\u00f3 el compromiso de los colaboradores por mantener la buena reputaci\u00f3n de la empresa, a\u00fan en tiempos retadores como el que enfrentamos actualmente.<\/p>\n","protected":false},"excerpt":{"rendered":"<p>La empresa pesquera Austral Group, fue seleccionada como una de las 100 empresas con mejor reputaci\u00f3n corporativa en el Per\u00fa 2020, adem\u00e1s, su gerente general, Adriana Giudice, fue reconocida tambi\u00e9n dentro de los 100 l\u00edderes empresariales con mejor reputaci\u00f3n en el ranking MERCO. Alrededor de 22,340 encuestados por Datum y MERCO evaluaron a las empresas [&hellip;]<\/p>\n","protected":false},"author":2,"featured_media":17973,"comment_status":"open","ping_status":"open","sticky":false,"template":"","format":"standard","meta":{"footnotes":""},"categories":[77,78,63,67,69,72],"tags":[],"class_list":["post-17972","post","type-post","status-publish","format-standard","has-post-thumbnail","hentry","category-internacionales","category-nacionales","category-noticias","category-pesqueria","category-politica","category-regionales"],"_links":{"self":[{"href":"http:\/\/www.perupesquero.org\/web\/wp-json\/wp\/v2\/posts\/17972","targetHints":{"allow":["GET"]}}],"collection":[{"href":"http:\/\/www.perupesquero.org\/web\/wp-json\/wp\/v2\/posts"}],"about":[{"href":"http:\/\/www.perupesquero.org\/web\/wp-json\/wp\/v2\/types\/post"}],"author":[{"embeddable":true,"href":"http:\/\/www.perupesquero.org\/web\/wp-json\/wp\/v2\/users\/2"}],"replies":[{"embeddable":true,"href":"http:\/\/www.perupesquero.org\/web\/wp-json\/wp\/v2\/comments?post=17972"}],"version-history":[{"count":1,"href":"http:\/\/www.perupesquero.org\/web\/wp-json\/wp\/v2\/posts\/17972\/revisions"}],"predecessor-version":[{"id":17974,"href":"http:\/\/www.perupesquero.org\/web\/wp-json\/wp\/v2\/posts\/17972\/revisions\/17974"}],"wp:featuredmedia":[{"embeddable":true,"href":"http:\/\/www.perupesquero.org\/web\/wp-json\/wp\/v2\/media\/17973"}],"wp:attachment":[{"href":"http:\/\/www.perupesquero.org\/web\/wp-json\/wp\/v2\/media?parent=17972"}],"wp:term":[{"taxonomy":"category","embeddable":true,"href":"http:\/\/www.perupesquero.org\/web\/wp-json\/wp\/v2\/categories?post=17972"},{"taxonomy":"post_tag","embeddable":true,"href":"http:\/\/www.perupesquero.org\/web\/wp-json\/wp\/v2\/tags?post=17972"}],"curies":[{"name":"wp","href":"https:\/\/api.w.org\/{rel}","templated":true}]}}