{"id":1797,"date":"2014-05-14T19:39:45","date_gmt":"2014-05-15T00:39:45","guid":{"rendered":"http:\/\/www.perupesquero.org\/?p=1797"},"modified":"2014-05-14T19:39:45","modified_gmt":"2014-05-15T00:39:45","slug":"capitania-alerta-de-oleaje-anomalo-en-litoral-de-ilo","status":"publish","type":"post","link":"http:\/\/www.perupesquero.org\/web\/capitania-alerta-de-oleaje-anomalo-en-litoral-de-ilo\/","title":{"rendered":"Capitan\u00eda alerta de oleaje an\u00f3malo en litoral de Ilo"},"content":{"rendered":"<p style=\"text-align: justify;\">La Capitan\u00eda del Puerto inform\u00f3 que del mi\u00e9rcoles 14 al jueves 15 y del s\u00e1bado 17 al domingo 18 de mayo, se presentar\u00e1n oleajes an\u00f3malos intermitentes en el Litoral sur.<\/p>\n<p style=\"text-align: justify;\">Recomend\u00f3 a toda la poblaci\u00f3n costera y personas que realizan actividades portuarias, Pesca, deportivas y de recreo tomar medidas de seguridad para evitar accidentes o da\u00f1os personales y materiales.<\/p>\n<p style=\"text-align: justify;\">Estos oleajes afectar\u00edan principalmente las \u00e1reas que tengan playas abiertas o semiabiertas orientadas hacia el Sur -Oeste.<\/p>\n<p style=\"text-align: justify;\">En estas condiciones el Mar presenta alturas de olas hasta en un 50% m\u00e1s sobre sus caracter\u00edsticas normales.<\/p>\n<p style=\"text-align: justify;\">FUENTE: Diariocorreo.pe<\/p>\n","protected":false},"excerpt":{"rendered":"<p>La Capitan\u00eda del Puerto inform\u00f3 que del mi\u00e9rcoles 14 al jueves 15 y del s\u00e1bado 17 al domingo 18 de mayo, se presentar\u00e1n oleajes an\u00f3malos intermitentes en el Litoral sur. Recomend\u00f3 a toda la poblaci\u00f3n costera y personas que realizan actividades portuarias, Pesca, deportivas y de recreo tomar medidas de seguridad para evitar accidentes o [&hellip;]<\/p>\n","protected":false},"author":2,"featured_media":1803,"comment_status":"open","ping_status":"open","sticky":false,"template":"","format":"standard","meta":{"footnotes":""},"categories":[63,72],"tags":[],"class_list":["post-1797","post","type-post","status-publish","format-standard","has-post-thumbnail","hentry","category-noticias","category-regionales"],"_links":{"self":[{"href":"http:\/\/www.perupesquero.org\/web\/wp-json\/wp\/v2\/posts\/1797","targetHints":{"allow":["GET"]}}],"collection":[{"href":"http:\/\/www.perupesquero.org\/web\/wp-json\/wp\/v2\/posts"}],"about":[{"href":"http:\/\/www.perupesquero.org\/web\/wp-json\/wp\/v2\/types\/post"}],"author":[{"embeddable":true,"href":"http:\/\/www.perupesquero.org\/web\/wp-json\/wp\/v2\/users\/2"}],"replies":[{"embeddable":true,"href":"http:\/\/www.perupesquero.org\/web\/wp-json\/wp\/v2\/comments?post=1797"}],"version-history":[{"count":0,"href":"http:\/\/www.perupesquero.org\/web\/wp-json\/wp\/v2\/posts\/1797\/revisions"}],"wp:featuredmedia":[{"embeddable":true,"href":"http:\/\/www.perupesquero.org\/web\/wp-json\/"}],"wp:attachment":[{"href":"http:\/\/www.perupesquero.org\/web\/wp-json\/wp\/v2\/media?parent=1797"}],"wp:term":[{"taxonomy":"category","embeddable":true,"href":"http:\/\/www.perupesquero.org\/web\/wp-json\/wp\/v2\/categories?post=1797"},{"taxonomy":"post_tag","embeddable":true,"href":"http:\/\/www.perupesquero.org\/web\/wp-json\/wp\/v2\/tags?post=1797"}],"curies":[{"name":"wp","href":"https:\/\/api.w.org\/{rel}","templated":true}]}}