{"id":1796,"date":"2014-05-14T19:39:41","date_gmt":"2014-05-15T00:39:41","guid":{"rendered":"http:\/\/www.perupesquero.org\/?p=1796"},"modified":"2014-05-14T19:39:41","modified_gmt":"2014-05-15T00:39:41","slug":"la-mineria-y-la-pesca-impulsan-buenas-practicas-medio-ambientales","status":"publish","type":"post","link":"http:\/\/www.perupesquero.org\/web\/la-mineria-y-la-pesca-impulsan-buenas-practicas-medio-ambientales\/","title":{"rendered":"La Miner\u00eda y la Pesca impulsan buenas pr\u00e1cticas medio- ambientales"},"content":{"rendered":"<p style=\"text-align: justify;\">En los \u00faltimos cinco a\u00f1os, sectores como la Miner\u00eda, Pesca y telecomunicaciones vienen impulsando buenas pr\u00e1cticas medioambientales, se\u00f1al\u00f3 \u00d3scar Franco Pardo-Figueroa, Coordinador General de EcoFest.<\/p>\n<p style=\"text-align: justify;\">Y es que cada vez el n\u00famero de empresas comprometidas con el medio ambiente en el pa\u00eds crece. Por ejemplo, en el 2000 solo 13 empresas contaban con la certificaci\u00f3n ISO 14001, pero en el 2012 se registraron 295 empresas.<\/p>\n<p style=\"text-align: justify;\">&#8220;Para generar cambios en la implementaci\u00f3n de buenas pr\u00e1cticas es necesario una ciudadan\u00eda bien informada&#8221;, dijo.<br \/>\nEl Festival Ecol\u00f3gico EcoFest se realizar\u00e1 del 19 al 22 de junio en el MAC de Barranco.<\/p>\n<p style=\"text-align: justify;\">FUENTE: Larepublica.pe<\/p>\n","protected":false},"excerpt":{"rendered":"<p>En los \u00faltimos cinco a\u00f1os, sectores como la Miner\u00eda, Pesca y telecomunicaciones vienen impulsando buenas pr\u00e1cticas medioambientales, se\u00f1al\u00f3 \u00d3scar Franco Pardo-Figueroa, Coordinador General de EcoFest. Y es que cada vez el n\u00famero de empresas comprometidas con el medio ambiente en el pa\u00eds crece. Por ejemplo, en el 2000 solo 13 empresas contaban con la certificaci\u00f3n [&hellip;]<\/p>\n","protected":false},"author":2,"featured_media":1801,"comment_status":"open","ping_status":"open","sticky":false,"template":"","format":"standard","meta":{"footnotes":""},"categories":[63,67],"tags":[],"class_list":["post-1796","post","type-post","status-publish","format-standard","has-post-thumbnail","hentry","category-noticias","category-pesqueria"],"_links":{"self":[{"href":"http:\/\/www.perupesquero.org\/web\/wp-json\/wp\/v2\/posts\/1796","targetHints":{"allow":["GET"]}}],"collection":[{"href":"http:\/\/www.perupesquero.org\/web\/wp-json\/wp\/v2\/posts"}],"about":[{"href":"http:\/\/www.perupesquero.org\/web\/wp-json\/wp\/v2\/types\/post"}],"author":[{"embeddable":true,"href":"http:\/\/www.perupesquero.org\/web\/wp-json\/wp\/v2\/users\/2"}],"replies":[{"embeddable":true,"href":"http:\/\/www.perupesquero.org\/web\/wp-json\/wp\/v2\/comments?post=1796"}],"version-history":[{"count":0,"href":"http:\/\/www.perupesquero.org\/web\/wp-json\/wp\/v2\/posts\/1796\/revisions"}],"wp:featuredmedia":[{"embeddable":true,"href":"http:\/\/www.perupesquero.org\/web\/wp-json\/"}],"wp:attachment":[{"href":"http:\/\/www.perupesquero.org\/web\/wp-json\/wp\/v2\/media?parent=1796"}],"wp:term":[{"taxonomy":"category","embeddable":true,"href":"http:\/\/www.perupesquero.org\/web\/wp-json\/wp\/v2\/categories?post=1796"},{"taxonomy":"post_tag","embeddable":true,"href":"http:\/\/www.perupesquero.org\/web\/wp-json\/wp\/v2\/tags?post=1796"}],"curies":[{"name":"wp","href":"https:\/\/api.w.org\/{rel}","templated":true}]}}