{"id":17904,"date":"2020-10-08T22:08:24","date_gmt":"2020-10-09T03:08:24","guid":{"rendered":"http:\/\/www.perupesquero.org\/web\/?p=17904"},"modified":"2020-10-13T10:36:18","modified_gmt":"2020-10-13T15:36:18","slug":"autoridades-y-sociedad-civil-rindieron-homenaje-al-ilustre-miguel-grau","status":"publish","type":"post","link":"http:\/\/www.perupesquero.org\/web\/autoridades-y-sociedad-civil-rindieron-homenaje-al-ilustre-miguel-grau\/","title":{"rendered":"Autoridades y sociedad civil rindieron homenaje al ilustre Miguel Grau"},"content":{"rendered":"\n<p>La Marina de Guerra de Chimbote, Capitan\u00eda de Puerto, Municipalidad Provincial del Santa, la Comisi\u00f3n Patri\u00f3tica para la Defensa del Mar de Grau, filial Chimbote- regi\u00f3n Ancash, Sima Chimbote, Consumo Humano Directo, FESIDETA y pesquera JADA, rindieron &nbsp;homenaje al h\u00e9roe Miguel Grau Seminario al conmemorarse el 141\u00b0 Aniversario del Glorioso Combate de Angamos. <\/p>\n\n\n\n<p>Fue en ceremonia realizada en la Plaza Grau de Chimbote, en la cual se record\u00f3 su inmolaci\u00f3n en defensa de la soberan\u00eda nacional, la nobleza que puso de manifiesto hacia los enemigos, as\u00ed como la sencillez, tes\u00f3n, bravura y destreza que lo caracterizaron en vida.<\/p>\n\n\n\n<p>El acto sirvi\u00f3 igualmente para conmemorar el 199\u00b0 aniversario de la creaci\u00f3n de la Marina de Guerra del Per\u00fa. A las 9.50 de la ma\u00f1ana, los asistentes a la ceremonia c\u00edvica-patri\u00f3tica guardaron un minuto de silencio en memoria al gran almirante Miguel Grau Seminario, quien a esa hora se inmol\u00f3, el 8 de octubre de 1879, a bordo del monitor \u201cHu\u00e1scar\u201d, en defensa de la Patria.<br><br>Se enton\u00f3 el Himno Nacional y se procedi\u00f3 a la colocaci\u00f3n de ofrendas florales ante el monumento de nuestro h\u00e9roe.<br><br>Por su parte, el Comandante de la Base Naval de Chimbote, Cesar Tello Berenstein, resalt\u00f3 la hidalgu\u00eda y caballerosidad con que actu\u00f3 con los soldados chilenos del buque \u201cEsmeralda\u201d.<br><br>Sepa<\/p>\n\n\n\n<p>Pesquera Azul, Guzm\u00e1n Aguirre, Inversiones Regal y Grupo Pesquero, recordaron que la loable actuaci\u00f3n de Grau est\u00e1 en la memoria de todos los peruanos como un respaldo y fortaleza ante los desaf\u00edos que hoy enfrenta nuestro pa\u00eds.<br><br><\/p>\n","protected":false},"excerpt":{"rendered":"<p>La Marina de Guerra de Chimbote, Capitan\u00eda de Puerto, Municipalidad Provincial del Santa, la Comisi\u00f3n Patri\u00f3tica para la Defensa del Mar de Grau, filial Chimbote- regi\u00f3n Ancash, Sima Chimbote, Consumo Humano Directo, FESIDETA y pesquera JADA, rindieron &nbsp;homenaje al h\u00e9roe Miguel Grau Seminario al conmemorarse el 141\u00b0 Aniversario del Glorioso Combate de Angamos. Fue en [&hellip;]<\/p>\n","protected":false},"author":2,"featured_media":17939,"comment_status":"open","ping_status":"open","sticky":false,"template":"","format":"standard","meta":{"footnotes":""},"categories":[77,78,63,1904],"tags":[],"class_list":["post-17904","post","type-post","status-publish","format-standard","has-post-thumbnail","hentry","category-internacionales","category-nacionales","category-noticias","category-principal"],"_links":{"self":[{"href":"http:\/\/www.perupesquero.org\/web\/wp-json\/wp\/v2\/posts\/17904","targetHints":{"allow":["GET"]}}],"collection":[{"href":"http:\/\/www.perupesquero.org\/web\/wp-json\/wp\/v2\/posts"}],"about":[{"href":"http:\/\/www.perupesquero.org\/web\/wp-json\/wp\/v2\/types\/post"}],"author":[{"embeddable":true,"href":"http:\/\/www.perupesquero.org\/web\/wp-json\/wp\/v2\/users\/2"}],"replies":[{"embeddable":true,"href":"http:\/\/www.perupesquero.org\/web\/wp-json\/wp\/v2\/comments?post=17904"}],"version-history":[{"count":3,"href":"http:\/\/www.perupesquero.org\/web\/wp-json\/wp\/v2\/posts\/17904\/revisions"}],"predecessor-version":[{"id":17908,"href":"http:\/\/www.perupesquero.org\/web\/wp-json\/wp\/v2\/posts\/17904\/revisions\/17908"}],"wp:featuredmedia":[{"embeddable":true,"href":"http:\/\/www.perupesquero.org\/web\/wp-json\/wp\/v2\/media\/17939"}],"wp:attachment":[{"href":"http:\/\/www.perupesquero.org\/web\/wp-json\/wp\/v2\/media?parent=17904"}],"wp:term":[{"taxonomy":"category","embeddable":true,"href":"http:\/\/www.perupesquero.org\/web\/wp-json\/wp\/v2\/categories?post=17904"},{"taxonomy":"post_tag","embeddable":true,"href":"http:\/\/www.perupesquero.org\/web\/wp-json\/wp\/v2\/tags?post=17904"}],"curies":[{"name":"wp","href":"https:\/\/api.w.org\/{rel}","templated":true}]}}