{"id":1769,"date":"2014-05-24T15:59:33","date_gmt":"2014-05-24T20:59:33","guid":{"rendered":"http:\/\/www.perupesquero.org\/?p=1769"},"modified":"2014-05-24T15:59:33","modified_gmt":"2014-05-24T20:59:33","slug":"senamhi-fenomeno-el-nino-sera-de-una-moderada-intensidad","status":"publish","type":"post","link":"http:\/\/www.perupesquero.org\/web\/senamhi-fenomeno-el-nino-sera-de-una-moderada-intensidad\/","title":{"rendered":"Senamhi: &#8220;Fen\u00f3meno El Ni\u00f1o ser\u00e1 de una moderada intensidad&#8221;"},"content":{"rendered":"<p style=\"text-align: justify;\">El Servicio Nacional de Meteorolog\u00eda e Hidrolog\u00eda (Senamhi) reiter\u00f3 que el Fen\u00f3meno El Ni\u00f1o se presentar\u00e1 en nuestro pa\u00eds en junio y ser\u00eda de moderada intensidad.<\/p>\n<p style=\"text-align: justify;\">[Fen\u00f3meno El Ni\u00f1o: En julio se sabr\u00eda con exactitud cu\u00e1l ser\u00e1 su magnitud].<\/p>\n<p style=\"text-align: justify;\">Juan Bazo, Especialista de la Direcci\u00f3n de Climatolog\u00eda de la referida dependencia, inform\u00f3 que la presencia de este evento climatol\u00f3gico ocasionar\u00e1 lluvias que podr\u00edan generar da\u00f1os en los cultivos de la costa norte del pa\u00eds.<\/p>\n<p style=\"text-align: justify;\">[Fen\u00f3meno El Ni\u00f1o: Magnitud en evaluaci\u00f3n durante mayo y junio]<br \/>\nEn tanto, el \u00faltimo informe del Senamhi revel\u00f3 que durante la primera quincena de este mes, en el Oc\u00e9ano Pac\u00edfico ecuatorial oriental, los vientos en superficie presentaron anomal\u00edas del oeste favoreciendo la aproximaci\u00f3n de aguas c\u00e1lidas a la costa.<\/p>\n<p style=\"text-align: justify;\">FUENTE: www.peru21.pe<\/p>\n","protected":false},"excerpt":{"rendered":"<p>El Servicio Nacional de Meteorolog\u00eda e Hidrolog\u00eda (Senamhi) reiter\u00f3 que el Fen\u00f3meno El Ni\u00f1o se presentar\u00e1 en nuestro pa\u00eds en junio y ser\u00eda de moderada intensidad. [Fen\u00f3meno El Ni\u00f1o: En julio se sabr\u00eda con exactitud cu\u00e1l ser\u00e1 su magnitud]. Juan Bazo, Especialista de la Direcci\u00f3n de Climatolog\u00eda de la referida dependencia, inform\u00f3 que la presencia [&hellip;]<\/p>\n","protected":false},"author":2,"featured_media":1775,"comment_status":"open","ping_status":"open","sticky":false,"template":"","format":"standard","meta":{"footnotes":""},"categories":[78,63,67],"tags":[],"class_list":["post-1769","post","type-post","status-publish","format-standard","has-post-thumbnail","hentry","category-nacionales","category-noticias","category-pesqueria"],"_links":{"self":[{"href":"http:\/\/www.perupesquero.org\/web\/wp-json\/wp\/v2\/posts\/1769","targetHints":{"allow":["GET"]}}],"collection":[{"href":"http:\/\/www.perupesquero.org\/web\/wp-json\/wp\/v2\/posts"}],"about":[{"href":"http:\/\/www.perupesquero.org\/web\/wp-json\/wp\/v2\/types\/post"}],"author":[{"embeddable":true,"href":"http:\/\/www.perupesquero.org\/web\/wp-json\/wp\/v2\/users\/2"}],"replies":[{"embeddable":true,"href":"http:\/\/www.perupesquero.org\/web\/wp-json\/wp\/v2\/comments?post=1769"}],"version-history":[{"count":0,"href":"http:\/\/www.perupesquero.org\/web\/wp-json\/wp\/v2\/posts\/1769\/revisions"}],"wp:featuredmedia":[{"embeddable":true,"href":"http:\/\/www.perupesquero.org\/web\/wp-json\/"}],"wp:attachment":[{"href":"http:\/\/www.perupesquero.org\/web\/wp-json\/wp\/v2\/media?parent=1769"}],"wp:term":[{"taxonomy":"category","embeddable":true,"href":"http:\/\/www.perupesquero.org\/web\/wp-json\/wp\/v2\/categories?post=1769"},{"taxonomy":"post_tag","embeddable":true,"href":"http:\/\/www.perupesquero.org\/web\/wp-json\/wp\/v2\/tags?post=1769"}],"curies":[{"name":"wp","href":"https:\/\/api.w.org\/{rel}","templated":true}]}}