{"id":17636,"date":"2020-09-06T18:06:08","date_gmt":"2020-09-06T23:06:08","guid":{"rendered":"http:\/\/www.perupesquero.org\/web\/?p=17636"},"modified":"2020-09-06T18:06:09","modified_gmt":"2020-09-06T23:06:09","slug":"enfen-la-nina-costera-propiciaria-la-dispersion-de-la-anchoveta","status":"publish","type":"post","link":"http:\/\/www.perupesquero.org\/web\/enfen-la-nina-costera-propiciaria-la-dispersion-de-la-anchoveta\/","title":{"rendered":"ENFEN: La Ni\u00f1a Costera propiciar\u00eda la dispersi\u00f3n de la Anchoveta"},"content":{"rendered":"\n<p>Las condiciones m\u00e1s fr\u00edas que lo normal en el Mar peruano, favorecer\u00edan una amplia dispersi\u00f3n de los recursos pesqueros, incluyendo al recurso Anchoveta. Dijo, la Comisi\u00f3n Multisectorial encargada del Estudio Nacional del Fen\u00f3meno \u201cEl Ni\u00f1o\u201d (ENFEN), tras&nbsp; reunirse para analizar la informaci\u00f3n oceanogr\u00e1fica, atmosf\u00e9rica, biol\u00f3gico-pesquera e hidrol\u00f3gica hasta el 02 de setiembre de 2020, as\u00ed como para actualizar las perspectivas.<\/p>\n\n\n\n<p>Por ello, el ENFEN mantiene el estado del sistema de alerta en \u201cVigilancia de La Ni\u00f1a Costera\u201d ya que persisten las anomal\u00edas negativas de la temperatura del Mar frente a la costa peruana y se espera que estas contin\u00faen en lo que resta del a\u00f1o.<\/p>\n\n\n\n<p>Respecto al pr\u00f3ximo verano (diciembre 2020 a marzo 2021), el ENFEN estima que para la regi\u00f3n Ni\u00f1o 1+2, que incluye la zona norte y centro del Mar peruano, la mayor probabilidad corresponde a las condiciones neutras (64 %). Para el Pac\u00edfico central (regi\u00f3n Ni\u00f1o 3.4) la mayor probabilidad es de condiciones neutras (57%), seguida de condiciones de La Ni\u00f1a d\u00e9bil (29 %). La Comisi\u00f3n Multisectorial del ENFEN continuar\u00e1 monitoreando e informando sobre la evoluci\u00f3n de las condiciones oce\u00e1nicas y atmosf\u00e9ricas, y actualizando sus perspectivas en forma m\u00e1s frecuente.<\/p>\n\n\n\n<iframe loading=\"lazy\" width=\"100%\" height=\"450\" src=\"http:\/\/www.perupesquero.org\/web\/wp-content\/uploads\/2020\/09\/Comunicado_Of_ENFEN-N-10-2020.pdf\" frameborder=\"0\" allow=\"accelerometer; autoplay; encrypted-media; gyroscope; picture-in-picture\" allowfullscreen><\/iframe>\n","protected":false},"excerpt":{"rendered":"<p>Las condiciones m\u00e1s fr\u00edas que lo normal en el Mar peruano, favorecer\u00edan una amplia dispersi\u00f3n de los recursos pesqueros, incluyendo al recurso Anchoveta. Dijo, la Comisi\u00f3n Multisectorial encargada del Estudio Nacional del Fen\u00f3meno \u201cEl Ni\u00f1o\u201d (ENFEN), tras&nbsp; reunirse para analizar la informaci\u00f3n oceanogr\u00e1fica, atmosf\u00e9rica, biol\u00f3gico-pesquera e hidrol\u00f3gica hasta el 02 de setiembre de 2020, as\u00ed [&hellip;]<\/p>\n","protected":false},"author":2,"featured_media":17637,"comment_status":"open","ping_status":"open","sticky":false,"template":"","format":"standard","meta":{"footnotes":""},"categories":[63],"tags":[],"class_list":["post-17636","post","type-post","status-publish","format-standard","has-post-thumbnail","hentry","category-noticias"],"_links":{"self":[{"href":"http:\/\/www.perupesquero.org\/web\/wp-json\/wp\/v2\/posts\/17636","targetHints":{"allow":["GET"]}}],"collection":[{"href":"http:\/\/www.perupesquero.org\/web\/wp-json\/wp\/v2\/posts"}],"about":[{"href":"http:\/\/www.perupesquero.org\/web\/wp-json\/wp\/v2\/types\/post"}],"author":[{"embeddable":true,"href":"http:\/\/www.perupesquero.org\/web\/wp-json\/wp\/v2\/users\/2"}],"replies":[{"embeddable":true,"href":"http:\/\/www.perupesquero.org\/web\/wp-json\/wp\/v2\/comments?post=17636"}],"version-history":[{"count":1,"href":"http:\/\/www.perupesquero.org\/web\/wp-json\/wp\/v2\/posts\/17636\/revisions"}],"predecessor-version":[{"id":17640,"href":"http:\/\/www.perupesquero.org\/web\/wp-json\/wp\/v2\/posts\/17636\/revisions\/17640"}],"wp:featuredmedia":[{"embeddable":true,"href":"http:\/\/www.perupesquero.org\/web\/wp-json\/wp\/v2\/media\/17637"}],"wp:attachment":[{"href":"http:\/\/www.perupesquero.org\/web\/wp-json\/wp\/v2\/media?parent=17636"}],"wp:term":[{"taxonomy":"category","embeddable":true,"href":"http:\/\/www.perupesquero.org\/web\/wp-json\/wp\/v2\/categories?post=17636"},{"taxonomy":"post_tag","embeddable":true,"href":"http:\/\/www.perupesquero.org\/web\/wp-json\/wp\/v2\/tags?post=17636"}],"curies":[{"name":"wp","href":"https:\/\/api.w.org\/{rel}","templated":true}]}}