{"id":17407,"date":"2020-06-30T20:42:42","date_gmt":"2020-07-01T01:42:42","guid":{"rendered":"http:\/\/www.perupesquero.org\/web\/?p=17407"},"modified":"2020-06-30T20:42:44","modified_gmt":"2020-07-01T01:42:44","slug":"pescadores-artesanales-podran-incursionar-en-el-comercio-electronico-anuncia-produce","status":"publish","type":"post","link":"http:\/\/www.perupesquero.org\/web\/pescadores-artesanales-podran-incursionar-en-el-comercio-electronico-anuncia-produce\/","title":{"rendered":"Pescadores artesanales podr\u00e1n incursionar en el comercio electr\u00f3nico, anuncia Produce"},"content":{"rendered":"\n<p>El Ministerio de la Producci\u00f3n (<a rel=\"noreferrer noopener\" href=\"https:\/\/gestion.pe\/noticias\/produce\/\" target=\"_blank\">Produce<\/a>) se encuentra en proceso de implementaci\u00f3n de un programa piloto que permitir\u00e1 a los pescadores artesanales incursionar en el comercio electr\u00f3nico.<\/p>\n\n\n\n<p><em>\u201cNuestros pescadores artesanales van a poder llevar sus recursos directamente a los consumidores sin intermediarios<\/em>\u201d, dijo la Ministra\u00a0Roc\u00edo Barrios\u00a0en conferencia de prensa del Poder Ejecutivo.<\/p>\n\n\n\n<p>Barrios refiri\u00f3 que el proyecto se llevar\u00e1 a cabo en\u00a0Piura<strong>\u00a0<\/strong>a trav\u00e9s de una plataforma digital de comercializaci\u00f3n.<\/p>\n\n\n\n<p>La titular de\u00a0Produce\u00a0coment\u00f3 que el Ejecutivo ha logrado otorgar el\u00a0Bono familiar\u00a0universal<strong>\u00a0<\/strong>a 4,000 pescadores. Asimismo, concret\u00f3 la formalizaci\u00f3n de 2,000 pescadores durante el estado de emergencia.<\/p>\n\n\n\n<p>Entre otras medidas, la Ministra dijo que se trabajar\u00e1 en la ampliaci\u00f3n del permiso para la pesca artesanal de merluza a fin de que los pescadores ya puedan generar ingresos y la creaci\u00f3n de cooperativas para la pesca artesanal.<\/p>\n\n\n\n<p>\u201c<em>En el norte existe un proyecto piloto de cooperativas de la pesca personal. Ellos en este momento se est\u00e1n viendo en algunos problemas toda vez que sus permisos dentro de esta cuarentena habr\u00edan quedado suspendidos. Lo que se est\u00e1 por emitir en las siguientes semanas es el marco normativo a trav\u00e9s del cual se le ampl\u00edan los plazos de los permisos que tienen pero tambi\u00e9n los plazos para la implementaci\u00f3n del servicio satelital como marco de este programa de cooperativas<\/em>\u201d, se\u00f1al\u00f3.<\/p>\n\n\n\n<p>\u201c<em>Para la pr\u00f3xima semana se est\u00e1 trabajando con el Ministro de Vivienda, que es el ministro coordinador de la regi\u00f3n de Piura, para hacer una intervenci\u00f3n con ayuda del sector privado y con el Ministerio de Salud para nuestros pescadores de El Alto, \u00d1uro y Cabo Blanco<\/em>\u201d, sostuvo.<\/p>\n\n\n\n<p>Fuente: Gesti\u00f3n<\/p>\n","protected":false},"excerpt":{"rendered":"<p>El Ministerio de la Producci\u00f3n (Produce) se encuentra en proceso de implementaci\u00f3n de un programa piloto que permitir\u00e1 a los pescadores artesanales incursionar en el comercio electr\u00f3nico. \u201cNuestros pescadores artesanales van a poder llevar sus recursos directamente a los consumidores sin intermediarios\u201d, dijo la Ministra\u00a0Roc\u00edo Barrios\u00a0en conferencia de prensa del Poder Ejecutivo. Barrios refiri\u00f3 que [&hellip;]<\/p>\n","protected":false},"author":2,"featured_media":15927,"comment_status":"open","ping_status":"open","sticky":false,"template":"","format":"standard","meta":{"footnotes":""},"categories":[77,78,63,67,69,1904,72],"tags":[3056],"class_list":["post-17407","post","type-post","status-publish","format-standard","has-post-thumbnail","hentry","category-internacionales","category-nacionales","category-noticias","category-pesqueria","category-politica","category-principal","category-regionales","tag-pescadores-artesanales-podran-incursionar-en-el-comercio-electronico"],"_links":{"self":[{"href":"http:\/\/www.perupesquero.org\/web\/wp-json\/wp\/v2\/posts\/17407","targetHints":{"allow":["GET"]}}],"collection":[{"href":"http:\/\/www.perupesquero.org\/web\/wp-json\/wp\/v2\/posts"}],"about":[{"href":"http:\/\/www.perupesquero.org\/web\/wp-json\/wp\/v2\/types\/post"}],"author":[{"embeddable":true,"href":"http:\/\/www.perupesquero.org\/web\/wp-json\/wp\/v2\/users\/2"}],"replies":[{"embeddable":true,"href":"http:\/\/www.perupesquero.org\/web\/wp-json\/wp\/v2\/comments?post=17407"}],"version-history":[{"count":1,"href":"http:\/\/www.perupesquero.org\/web\/wp-json\/wp\/v2\/posts\/17407\/revisions"}],"predecessor-version":[{"id":17408,"href":"http:\/\/www.perupesquero.org\/web\/wp-json\/wp\/v2\/posts\/17407\/revisions\/17408"}],"wp:featuredmedia":[{"embeddable":true,"href":"http:\/\/www.perupesquero.org\/web\/wp-json\/wp\/v2\/media\/15927"}],"wp:attachment":[{"href":"http:\/\/www.perupesquero.org\/web\/wp-json\/wp\/v2\/media?parent=17407"}],"wp:term":[{"taxonomy":"category","embeddable":true,"href":"http:\/\/www.perupesquero.org\/web\/wp-json\/wp\/v2\/categories?post=17407"},{"taxonomy":"post_tag","embeddable":true,"href":"http:\/\/www.perupesquero.org\/web\/wp-json\/wp\/v2\/tags?post=17407"}],"curies":[{"name":"wp","href":"https:\/\/api.w.org\/{rel}","templated":true}]}}