{"id":17403,"date":"2020-06-30T15:57:04","date_gmt":"2020-06-30T20:57:04","guid":{"rendered":"http:\/\/www.perupesquero.org\/web\/?p=17403"},"modified":"2020-06-30T15:57:05","modified_gmt":"2020-06-30T20:57:05","slug":"pesquera-diamante-rinde-homenaje-a-san-pedro-por-el-dia-del-pescador","status":"publish","type":"post","link":"http:\/\/www.perupesquero.org\/web\/pesquera-diamante-rinde-homenaje-a-san-pedro-por-el-dia-del-pescador\/","title":{"rendered":"Pesquera Diamante rinde homenaje a San Pedro por el d\u00eda del Pescador"},"content":{"rendered":"\n<p>Respetando el distanciamiento social y cumpliendo con todas las medidas de seguridad que la coyuntura requiere, Pesquera Diamante realiz\u00f3 actividades en homenaje al D\u00eda de San Pedro y San Pablo y al D\u00eda del Pescador reconociendo de esta manera el trabajo que realizan hombres y mujeres del Mar, especialmente en este contexto COVID19.<\/p>\n\n\n\n<p>Mediante una misa online, transmitida en sus redes sociales y grabada en muelle propio en el Callao; invit\u00f3 a sus colaboradores, familiares y p\u00fablico en general a conectarse de manera virtual y compartir un momento de reflexi\u00f3n y oraci\u00f3n por el d\u00eda de San Pedro y San Pablo. Asimismo, tambi\u00e9n realiz\u00f3 un recorrido de la imagen a lo largo de los puntos m\u00e1s importantes de sus instalaciones, conmemorando as\u00ed una fecha importante para el sector pesquero.<\/p>\n\n\n\n<p>\u201cPedro ten\u00eda un coraz\u00f3n de oro, Pedro era un hombre de trabajo duro, un hombre de sacrificio, de esfuerzo y de lucha\u2026 Dios eligi\u00f3 a Pedro y todos los pescadores eligieron a Pedro como su patr\u00f3n, porque se sienten identificados con \u00e9l.\u201d Fueron las palabras durante la homil\u00eda que brindo el Padre Omar S\u00e1nchez de la Asociaci\u00f3n las Bienaventuranzas.<\/p>\n\n\n\n<p>De esta manera, empresas pesqueras como Diamante se adecuan a las circunstancias dadas por el COVID19, y contin\u00faan realizando el tradicional homenaje a San Pedro y al esfuerzo de los tripulantes y trabajadores de la industria pesquera quienes durante la emergencia sanitaria siguieron pescando para ofrecer alimentos de origen marino a las familias del Per\u00fa y del mundo.<\/p>\n","protected":false},"excerpt":{"rendered":"<p>Respetando el distanciamiento social y cumpliendo con todas las medidas de seguridad que la coyuntura requiere, Pesquera Diamante realiz\u00f3 actividades en homenaje al D\u00eda de San Pedro y San Pablo y al D\u00eda del Pescador reconociendo de esta manera el trabajo que realizan hombres y mujeres del Mar, especialmente en este contexto COVID19. Mediante una [&hellip;]<\/p>\n","protected":false},"author":2,"featured_media":17404,"comment_status":"open","ping_status":"open","sticky":false,"template":"","format":"standard","meta":{"footnotes":""},"categories":[77,78,63,67,69,1904,72],"tags":[],"class_list":["post-17403","post","type-post","status-publish","format-standard","has-post-thumbnail","hentry","category-internacionales","category-nacionales","category-noticias","category-pesqueria","category-politica","category-principal","category-regionales"],"_links":{"self":[{"href":"http:\/\/www.perupesquero.org\/web\/wp-json\/wp\/v2\/posts\/17403","targetHints":{"allow":["GET"]}}],"collection":[{"href":"http:\/\/www.perupesquero.org\/web\/wp-json\/wp\/v2\/posts"}],"about":[{"href":"http:\/\/www.perupesquero.org\/web\/wp-json\/wp\/v2\/types\/post"}],"author":[{"embeddable":true,"href":"http:\/\/www.perupesquero.org\/web\/wp-json\/wp\/v2\/users\/2"}],"replies":[{"embeddable":true,"href":"http:\/\/www.perupesquero.org\/web\/wp-json\/wp\/v2\/comments?post=17403"}],"version-history":[{"count":1,"href":"http:\/\/www.perupesquero.org\/web\/wp-json\/wp\/v2\/posts\/17403\/revisions"}],"predecessor-version":[{"id":17405,"href":"http:\/\/www.perupesquero.org\/web\/wp-json\/wp\/v2\/posts\/17403\/revisions\/17405"}],"wp:featuredmedia":[{"embeddable":true,"href":"http:\/\/www.perupesquero.org\/web\/wp-json\/wp\/v2\/media\/17404"}],"wp:attachment":[{"href":"http:\/\/www.perupesquero.org\/web\/wp-json\/wp\/v2\/media?parent=17403"}],"wp:term":[{"taxonomy":"category","embeddable":true,"href":"http:\/\/www.perupesquero.org\/web\/wp-json\/wp\/v2\/categories?post=17403"},{"taxonomy":"post_tag","embeddable":true,"href":"http:\/\/www.perupesquero.org\/web\/wp-json\/wp\/v2\/tags?post=17403"}],"curies":[{"name":"wp","href":"https:\/\/api.w.org\/{rel}","templated":true}]}}