{"id":17347,"date":"2020-06-17T21:59:49","date_gmt":"2020-06-18T02:59:49","guid":{"rendered":"http:\/\/www.perupesquero.org\/web\/?p=17347"},"modified":"2020-06-17T21:59:50","modified_gmt":"2020-06-18T02:59:50","slug":"el-papa-agradece-labor-de-pescadores-y-marineros-durante-la-pandemia","status":"publish","type":"post","link":"http:\/\/www.perupesquero.org\/web\/el-papa-agradece-labor-de-pescadores-y-marineros-durante-la-pandemia\/","title":{"rendered":"El Papa agradece labor de pescadores y marineros durante la pandemia"},"content":{"rendered":"\n<p>El papa Francisco expres\u00f3 su agradecimiento a los marineros y pescadores por su labor durante la crisis sanitaria del coronavirus al proveer de alimentos a la poblaci\u00f3n m\u00e1s vulnerable.<\/p>\n\n\n\n<p>En un video publicado por la Santa Sede, el pont\u00edfice resalt\u00f3 la importancia de ser solidarios en este contexto.<\/p>\n\n\n\n<p>&#8220;Estos son tiempos dif\u00edciles para el mundo porque nos enfrentamos al sufrimiento causado por el coronavirus. Vuestro trabajo como marineros y pescadores se ha vuelto a\u00fan m\u00e1s importante, para proveer a la gran familia humana de alimentos y otros g\u00e9neros de primera necesidad&#8221;, se\u00f1al\u00f3.<\/p>\n\n\n\n<p>Finalmente, el Papa brind\u00f3 un mensaje de apoyo y bienestar a las personas que se puedan sentir solas, lejos de la familia y amigos durante la pandemia.<\/p>\n\n\n\n<p>&#8220;La lejan\u00eda de la familia, los amigos y el propio pa\u00eds, el miedo al contagio, todos estos elementos son una pesada carga de llevar, ahora m\u00e1s que nunca. Me gustar\u00eda deciros: sabed que no est\u00e1is solos y que no est\u00e1is olvidados&#8221;, sostuvo el papa argentino.<\/p>\n\n\n\n<p>nacionalpe<\/p>\n","protected":false},"excerpt":{"rendered":"<p>El papa Francisco expres\u00f3 su agradecimiento a los marineros y pescadores por su labor durante la crisis sanitaria del coronavirus al proveer de alimentos a la poblaci\u00f3n m\u00e1s vulnerable. En un video publicado por la Santa Sede, el pont\u00edfice resalt\u00f3 la importancia de ser solidarios en este contexto. &#8220;Estos son tiempos dif\u00edciles para el mundo [&hellip;]<\/p>\n","protected":false},"author":2,"featured_media":17348,"comment_status":"open","ping_status":"open","sticky":false,"template":"","format":"standard","meta":{"footnotes":""},"categories":[77,78,63,67,69,1904,72],"tags":[],"class_list":["post-17347","post","type-post","status-publish","format-standard","has-post-thumbnail","hentry","category-internacionales","category-nacionales","category-noticias","category-pesqueria","category-politica","category-principal","category-regionales"],"_links":{"self":[{"href":"http:\/\/www.perupesquero.org\/web\/wp-json\/wp\/v2\/posts\/17347","targetHints":{"allow":["GET"]}}],"collection":[{"href":"http:\/\/www.perupesquero.org\/web\/wp-json\/wp\/v2\/posts"}],"about":[{"href":"http:\/\/www.perupesquero.org\/web\/wp-json\/wp\/v2\/types\/post"}],"author":[{"embeddable":true,"href":"http:\/\/www.perupesquero.org\/web\/wp-json\/wp\/v2\/users\/2"}],"replies":[{"embeddable":true,"href":"http:\/\/www.perupesquero.org\/web\/wp-json\/wp\/v2\/comments?post=17347"}],"version-history":[{"count":1,"href":"http:\/\/www.perupesquero.org\/web\/wp-json\/wp\/v2\/posts\/17347\/revisions"}],"predecessor-version":[{"id":17349,"href":"http:\/\/www.perupesquero.org\/web\/wp-json\/wp\/v2\/posts\/17347\/revisions\/17349"}],"wp:featuredmedia":[{"embeddable":true,"href":"http:\/\/www.perupesquero.org\/web\/wp-json\/wp\/v2\/media\/17348"}],"wp:attachment":[{"href":"http:\/\/www.perupesquero.org\/web\/wp-json\/wp\/v2\/media?parent=17347"}],"wp:term":[{"taxonomy":"category","embeddable":true,"href":"http:\/\/www.perupesquero.org\/web\/wp-json\/wp\/v2\/categories?post=17347"},{"taxonomy":"post_tag","embeddable":true,"href":"http:\/\/www.perupesquero.org\/web\/wp-json\/wp\/v2\/tags?post=17347"}],"curies":[{"name":"wp","href":"https:\/\/api.w.org\/{rel}","templated":true}]}}