{"id":16278,"date":"2019-06-22T23:25:32","date_gmt":"2019-06-23T04:25:32","guid":{"rendered":"http:\/\/www.perupesquero.org\/web\/?p=16278"},"modified":"2019-06-22T23:28:06","modified_gmt":"2019-06-23T04:28:06","slug":"camara-peruana-del-atun-pesca-ilegal-llega-a-26-millones-de-toneladas-anuales","status":"publish","type":"post","link":"http:\/\/www.perupesquero.org\/web\/camara-peruana-del-atun-pesca-ilegal-llega-a-26-millones-de-toneladas-anuales\/","title":{"rendered":"C\u00e1mara Peruana del At\u00fan: Pesca ilegal llega a 26 millones de toneladas anuales"},"content":{"rendered":"<p style=\"text-align: justify;\">El Presidente de la C\u00e1mara Peruana del At\u00fan (CPA), Alfonso Miranda Eyzaguirre advirti\u00f3 que \u00a0uno de los factores que atentan contra el Desarrollo Sostenible es la pesca ilegal que llegar\u00eda a 26 millones de toneladas anuales en todo el mundo.<\/p>\n<p style=\"text-align: justify;\"><span style=\"font-style: inherit; font-weight: inherit;\">\u00a0<\/span><span style=\"font-style: inherit; font-weight: inherit;\">\u201cSon 23 mil millones de d\u00f3lares al a\u00f1o que se pierde por pesca ilegal en todo el mundo\u201d, precis\u00f3 el dirigente empresarial.<\/span><\/p>\n<p style=\"text-align: justify;\"><span style=\"font-style: inherit; font-weight: inherit;\">\u00a0<\/span><span style=\"font-style: inherit; font-weight: inherit;\">De acuerdo a los datos de la Organizaci\u00f3n de las Naciones Unidas para la Alimentaci\u00f3n y Agricultura (FAO), se\u00f1al\u00f3 que los pa\u00edses que m\u00e1s subsidios dan a la pesca, lo hacen \u00a0\u00a0para hacer viables pesquer\u00edas de flotas que pescan en aguas distantes que de otra forma no tendr\u00edan factibilidad.<\/span><\/p>\n<p style=\"text-align: justify;\"><span style=\"font-style: inherit; font-weight: inherit;\">\u00a0<\/span><span style=\"font-style: inherit; font-weight: inherit;\">\u201cEstas subvenciones afectan las biomasas de los pa\u00edses ribere\u00f1os y constituyen una competencia desleal contra sus pescadores e industrias\u201d, indic\u00f3 durante su intervenci\u00f3n en el IV Foro Regional de Sostenibilidad del At\u00fan en la ciudad de Manta &#8211; Ecuador, organizado por la FAO y la C\u00e1mara Ecuatoriana de Industriales y Procesadores de At\u00fan.<\/span><\/p>\n<p style=\"text-align: justify;\"><span style=\"font-style: inherit; font-weight: inherit;\">\u00a0<\/span><span style=\"font-style: inherit; font-weight: inherit;\">Luego, en di\u00e1logo entre el Secretario General de ANFACO, Juan Vieites y el titular de la C\u00e1mara Peruana del At\u00fan, coincidieron en que debe lucharse contra esta actividad il\u00edcita colaborando con las Administraciones P\u00fablicas con competencias en el cumplimiento de la normativa vigente.<\/span><\/p>\n<p style=\"text-align: justify;\"><span style=\"font-style: inherit; font-weight: inherit;\">\u00a0<\/span><span style=\"font-style: inherit; font-weight: inherit;\">Al respecto, Miranda Eyzaguirre propuso mejoras y adaptaciones en los reglamentos de monitoreo y fiscalizaci\u00f3n, vigilar el mercado de las conservas de at\u00fan en el cual compiten m\u00faltiples operadores y realizar la verificaci\u00f3n de las importaciones de conservas de at\u00fan procedentes de pa\u00edses cuestionados por pr\u00e1cticas prohibidas en la pesca y en el \u00e1mbito de los Derechos Humanos.<\/span><\/p>\n<p style=\"text-align: justify;\"><span style=\"font-style: inherit; font-weight: inherit;\">\u00a0<\/span><span style=\"font-style: inherit; font-weight: inherit;\">De otra parte, el presidente de la CPA y el Oficial de Industrias Pesqueras de FAO para Mesoam\u00e9rica, Jogeir Toppe recordaron que el 30 por ciento de la poblaci\u00f3n mundial tiene deficiencia en micronutrientes como hierro, zinc, calcio, vitaminas, etc.<\/span><\/p>\n<p style=\"text-align: justify;\"><span style=\"font-style: inherit; font-weight: inherit;\">\u00a0<\/span><span style=\"font-style: inherit; font-weight: inherit;\">En ese sentido, mencionaron que los productos de la pesca como el at\u00fan pueden contribuir a revertir estas dolencias.<\/span><\/p>\n<p style=\"text-align: justify;\"><span style=\"font-style: inherit; font-weight: inherit;\">\u00a0<\/span><span style=\"font-style: inherit; font-weight: inherit;\">\u201cDebemos encontrar la manera que las prote\u00ednas y micronutrientes de nuestra inmensa riqueza pesquera contribuya a la nutrici\u00f3n de gran parte de los 800 millones de personas que pasan hambre en el mundo y faciliten para las poblaciones necesitadas, los micronutrientes que desterrar la anemia y otros males derivados de la falta de \u00e9stos\u201d, enfatiz\u00f3 Miranda Eyzaguirre.<\/span><\/p>\n<p style=\"text-align: justify;\"><span style=\"font-style: inherit; font-weight: inherit;\">Sobre el IV Foro Regional de Sostenibilidad del At\u00fan que se desarroll\u00f3 en la ciudad de Manta &#8211; Ecuador, \u00a0Miranda Eyzaguirre inform\u00f3 que el prop\u00f3sito fue impulsar la aplicaci\u00f3n de los Objetivos de Desarrollo Sostenible en el marco del Comercio Pesquero Sostenible, con \u00e9nfasis en el recurso At\u00fan.<\/span><\/p>\n<p style=\"text-align: justify;\"><span style=\"font-style: inherit; font-weight: inherit;\">\u00a0<\/span><span style=\"font-style: inherit; font-weight: inherit;\">La CPA estuvo representada por su presidente, Alfonso Miranda Eyzaguirre, Marcela Rodr\u00edguez y Renato Bustamante.<\/span><\/p>\n<p style=\"text-align: justify;\"><span style=\"font-style: inherit; font-weight: inherit;\">\u00a0<\/span><span style=\"font-style: inherit; font-weight: inherit;\">Entre los expositores destacaron representantes de la FAO, Conferencia de la ONU sobre Comercio y Desarrollo (UNCTAD), Asociaci\u00f3n Nacional de Fabricantes Conservas de Pescado de Espa\u00f1a (ANFACO), Autoridad Portuaria de Vigo, Centro de Comercio Internacional (GSSI), Iniciativa Mundial de Productos Pesqueros Sostenibles (GSSI), Comisi\u00f3n Interamericana del At\u00fan Tropical (CIAT), Proyecto TUNACONS y Conservas Garavilla.<\/span><\/p>\n<p style=\"text-align: justify;\"><span style=\"font-style: inherit; font-weight: inherit;\">\u00a0<\/span><span style=\"font-style: inherit; font-weight: inherit;\">El Foro fue inaugurado por el Ministro de Producci\u00f3n y Comercio Exterior de Ecuador, Yuri Parre\u00f1o; el Alcalde de Manta, Agust\u00edn Intriago; el representante de FAO en Ecuador, John Preissing y el Presidente de CEIPA, Gustavo N\u00fa\u00f1ez.<\/span><\/p>\n<p style=\"text-align: justify;\"><strong><span style=\"font-style: inherit; font-weight: inherit;\">\u00a0<\/span><\/strong><\/p>\n<p>&nbsp;<\/p>\n","protected":false},"excerpt":{"rendered":"<p>El Presidente de la C\u00e1mara Peruana del At\u00fan (CPA), Alfonso Miranda Eyzaguirre advirti\u00f3 que \u00a0uno de los factores que atentan contra el Desarrollo Sostenible es la pesca ilegal que llegar\u00eda a 26 millones de toneladas anuales en todo el mundo. \u00a0\u201cSon 23 mil millones de d\u00f3lares al a\u00f1o que se pierde por pesca ilegal en [&hellip;]<\/p>\n","protected":false},"author":2,"featured_media":16279,"comment_status":"open","ping_status":"open","sticky":false,"template":"","format":"standard","meta":{"footnotes":""},"categories":[77,78,63,67,69,1904,72],"tags":[3012],"class_list":["post-16278","post","type-post","status-publish","format-standard","has-post-thumbnail","hentry","category-internacionales","category-nacionales","category-noticias","category-pesqueria","category-politica","category-principal","category-regionales","tag-camara-peruana-del-atun-pesca-ilegal-llega-a-26-millones-de-toneladas-anuales"],"_links":{"self":[{"href":"http:\/\/www.perupesquero.org\/web\/wp-json\/wp\/v2\/posts\/16278","targetHints":{"allow":["GET"]}}],"collection":[{"href":"http:\/\/www.perupesquero.org\/web\/wp-json\/wp\/v2\/posts"}],"about":[{"href":"http:\/\/www.perupesquero.org\/web\/wp-json\/wp\/v2\/types\/post"}],"author":[{"embeddable":true,"href":"http:\/\/www.perupesquero.org\/web\/wp-json\/wp\/v2\/users\/2"}],"replies":[{"embeddable":true,"href":"http:\/\/www.perupesquero.org\/web\/wp-json\/wp\/v2\/comments?post=16278"}],"version-history":[{"count":1,"href":"http:\/\/www.perupesquero.org\/web\/wp-json\/wp\/v2\/posts\/16278\/revisions"}],"predecessor-version":[{"id":16280,"href":"http:\/\/www.perupesquero.org\/web\/wp-json\/wp\/v2\/posts\/16278\/revisions\/16280"}],"wp:featuredmedia":[{"embeddable":true,"href":"http:\/\/www.perupesquero.org\/web\/wp-json\/wp\/v2\/media\/16279"}],"wp:attachment":[{"href":"http:\/\/www.perupesquero.org\/web\/wp-json\/wp\/v2\/media?parent=16278"}],"wp:term":[{"taxonomy":"category","embeddable":true,"href":"http:\/\/www.perupesquero.org\/web\/wp-json\/wp\/v2\/categories?post=16278"},{"taxonomy":"post_tag","embeddable":true,"href":"http:\/\/www.perupesquero.org\/web\/wp-json\/wp\/v2\/tags?post=16278"}],"curies":[{"name":"wp","href":"https:\/\/api.w.org\/{rel}","templated":true}]}}