{"id":16265,"date":"2019-06-09T13:51:25","date_gmt":"2019-06-09T18:51:25","guid":{"rendered":"http:\/\/www.perupesquero.org\/web\/?p=16265"},"modified":"2019-06-09T13:58:52","modified_gmt":"2019-06-09T18:58:52","slug":"sindicalista-denuncia-que-pescadores-son-expuestos-a-oleajes-anomalos","status":"publish","type":"post","link":"http:\/\/www.perupesquero.org\/web\/sindicalista-denuncia-que-pescadores-son-expuestos-a-oleajes-anomalos\/","title":{"rendered":"Sindicalista denuncia que pescadores son expuestos a oleajes an\u00f3malos"},"content":{"rendered":"<p style=\"text-align: justify;\">El Secretario General del Sindicato de Pescadores de Chimbote y Anexos, Lorenzo Macedonio V\u00e1squez Contreras, denunci\u00f3 la <strong>inhumanizaci\u00f3n <\/strong>de algunas empresas pesqueras que conociendo que el Mar peruano viene siendo azotado por el incremento de los oleajes an\u00f3malos, obligan a las tripulaciones de pescadores salir a faena de pesca.<\/p>\n<p style=\"text-align: justify;\">V\u00e1squez Contreras para respaldar su queja pone como ejemplo, la actitud de capitan\u00eda de Pisco, que sabiendo de las variaciones del Mar emite zarpes a las embarcaciones sin prever que podr\u00eda originar accidentes y hasta muertes durante las actividades pesqueras, dijo \u00bfacaso no hemos visto hundimientos, accidentes y hasta muertes de pescadores, queremos que eso suceda?.<\/p>\n<p style=\"text-align: justify;\">\u201cLos pescadores saben que estos oleajes an\u00f3malos puede que sean de intensidad ligera;\u00a0 sin embargo, en segundos pueden convertirse en fuertes aumentando el nivel del Mar fuera de su comportamiento normal. El deseo de pescar no puede llevarnos a la insensibilidad humana, debemos reflexionar en la protecci\u00f3n de los compa\u00f1eros, la vida no tiene precio\u201d, finaliz\u00f3.<\/p>\n","protected":false},"excerpt":{"rendered":"<p>El Secretario General del Sindicato de Pescadores de Chimbote y Anexos, Lorenzo Macedonio V\u00e1squez Contreras, denunci\u00f3 la inhumanizaci\u00f3n de algunas empresas pesqueras que conociendo que el Mar peruano viene siendo azotado por el incremento de los oleajes an\u00f3malos, obligan a las tripulaciones de pescadores salir a faena de pesca. V\u00e1squez Contreras para respaldar su queja [&hellip;]<\/p>\n","protected":false},"author":2,"featured_media":15767,"comment_status":"open","ping_status":"open","sticky":false,"template":"","format":"standard","meta":{"footnotes":""},"categories":[77,78,63,67,69,1904,72],"tags":[3011],"class_list":["post-16265","post","type-post","status-publish","format-standard","has-post-thumbnail","hentry","category-internacionales","category-nacionales","category-noticias","category-pesqueria","category-politica","category-principal","category-regionales","tag-sindicalista-denuncia-que-pescadores-son-expuestos-por-empresas-a-oleajes-anomalos"],"_links":{"self":[{"href":"http:\/\/www.perupesquero.org\/web\/wp-json\/wp\/v2\/posts\/16265","targetHints":{"allow":["GET"]}}],"collection":[{"href":"http:\/\/www.perupesquero.org\/web\/wp-json\/wp\/v2\/posts"}],"about":[{"href":"http:\/\/www.perupesquero.org\/web\/wp-json\/wp\/v2\/types\/post"}],"author":[{"embeddable":true,"href":"http:\/\/www.perupesquero.org\/web\/wp-json\/wp\/v2\/users\/2"}],"replies":[{"embeddable":true,"href":"http:\/\/www.perupesquero.org\/web\/wp-json\/wp\/v2\/comments?post=16265"}],"version-history":[{"count":3,"href":"http:\/\/www.perupesquero.org\/web\/wp-json\/wp\/v2\/posts\/16265\/revisions"}],"predecessor-version":[{"id":16268,"href":"http:\/\/www.perupesquero.org\/web\/wp-json\/wp\/v2\/posts\/16265\/revisions\/16268"}],"wp:featuredmedia":[{"embeddable":true,"href":"http:\/\/www.perupesquero.org\/web\/wp-json\/wp\/v2\/media\/15767"}],"wp:attachment":[{"href":"http:\/\/www.perupesquero.org\/web\/wp-json\/wp\/v2\/media?parent=16265"}],"wp:term":[{"taxonomy":"category","embeddable":true,"href":"http:\/\/www.perupesquero.org\/web\/wp-json\/wp\/v2\/categories?post=16265"},{"taxonomy":"post_tag","embeddable":true,"href":"http:\/\/www.perupesquero.org\/web\/wp-json\/wp\/v2\/tags?post=16265"}],"curies":[{"name":"wp","href":"https:\/\/api.w.org\/{rel}","templated":true}]}}