{"id":15912,"date":"2019-02-04T14:29:48","date_gmt":"2019-02-04T19:29:48","guid":{"rendered":"http:\/\/www.perupesquero.org\/web\/?p=15912"},"modified":"2019-05-16T09:18:33","modified_gmt":"2019-05-16T14:18:33","slug":"sobrepesca-de-recursos-juveniles-ocasionara-depredacion-de-anchoveta-en-el-sur","status":"publish","type":"post","link":"http:\/\/www.perupesquero.org\/web\/sobrepesca-de-recursos-juveniles-ocasionara-depredacion-de-anchoveta-en-el-sur\/","title":{"rendered":"Sobrepesca de recursos juveniles ocasionar\u00e1 depredaci\u00f3n de Anchoveta en el sur"},"content":{"rendered":"<p style=\"text-align: justify;\">\u00bfSe burlan de la sostenibilidad del recurso?. La presencia de altos porcentajes de juveniles en las capturas pesqueras de Anchoveta que se realizan en las diferentes zonas, desde Planchada hasta Ilo, podr\u00eda ser el factor devastador que originar\u00eda, que el stock de este recurso siga disminuyendo como sucede desde los \u00faltimos a\u00f1os en la zona sur, debilitando la labor de Imarpe de asesorar al gobierno respecto al uso racional de los recursos.<\/p>\n<p style=\"text-align: justify;\">Produce comete una irresponsabilidad muy grave, claro a sugerencia de Imarpe al emitir la Resoluci\u00f3n Ministerial N 030-2019-PRODUCE, que suspende las actividades extractivas por un per\u00edodo de diez (10) d\u00edas calendario solo en el \u00e1rea comprendida entre los 16\u00b030\u2019S y 16\u00b045\u2019S, desde las 5 hasta las 15 millas marinas de distancia a la costa (sur del Per\u00fa); es decir zona La Planchada, dejando abierto otras \u00e1reas, donde la abundancia de juveniles entre 30 a 67% predominan, violentando la Ley que exige hasta un 10% de tolerancia.<\/p>\n<p style=\"text-align: justify;\">Es evidente que Imarpe resta importancia a los seguimientos diarios que realiza al recurso, porque entonces c\u00f3mo explica que teniendo datos y muestreos de porcentajes altos de juveniles desde La Planchada hasta Ilo, solo recomienda una veda en un \u00e1rea reducida de 150 millas cuadradas, d\u00e1ndonos a entender que la Anchoveta solo est\u00e1 concentrada entre los 16\u00b030\u2019S y 16\u00b045\u2019S.<br \/>\nPara muestra un bot\u00f3n:<\/p>\n<h2 style=\"text-align: justify;\"><strong>Reporte del 25 de enero del 2019<\/strong><\/h2>\n<p style=\"text-align: center;\"><img decoding=\"async\" class=\"aligncenter size-large wp-image-15913\" src=\"http:\/\/www.perupesquero.org\/web\/wp-content\/uploads\/2019\/02\/anchoveta-en-el-sur-25-de-enero-1024x319.jpg\" alt=\"anchoveta en el sur 25 de enero\" width=\"100%\" srcset=\"http:\/\/www.perupesquero.org\/web\/wp-content\/uploads\/2019\/02\/anchoveta-en-el-sur-25-de-enero-1024x319.jpg 1024w, http:\/\/www.perupesquero.org\/web\/wp-content\/uploads\/2019\/02\/anchoveta-en-el-sur-25-de-enero-300x94.jpg 300w, http:\/\/www.perupesquero.org\/web\/wp-content\/uploads\/2019\/02\/anchoveta-en-el-sur-25-de-enero-768x240.jpg 768w\" sizes=\"(max-width: 1024px) 100vw, 1024px\" \/><\/p>\n<h2 style=\"text-align: justify;\"><strong>Reporte del 26 de enero del 2019<\/strong><\/h2>\n<p style=\"text-align: center;\"><img decoding=\"async\" class=\"aligncenter size-large wp-image-15914\" src=\"http:\/\/www.perupesquero.org\/web\/wp-content\/uploads\/2019\/02\/anchoveta-en-el-sur-26-de-enero-2-1024x267.jpg\" alt=\"anchoveta en el sur 26 de enero 2\" width=\"100%\" srcset=\"http:\/\/www.perupesquero.org\/web\/wp-content\/uploads\/2019\/02\/anchoveta-en-el-sur-26-de-enero-2-1024x267.jpg 1024w, http:\/\/www.perupesquero.org\/web\/wp-content\/uploads\/2019\/02\/anchoveta-en-el-sur-26-de-enero-2-300x78.jpg 300w, http:\/\/www.perupesquero.org\/web\/wp-content\/uploads\/2019\/02\/anchoveta-en-el-sur-26-de-enero-2-768x200.jpg 768w\" sizes=\"(max-width: 1024px) 100vw, 1024px\" \/><\/p>\n<p style=\"text-align: justify;\">\n<h2 style=\"text-align: justify;\"><strong>Reporte del 27 de enero del 2019<\/strong><\/h2>\n<p style=\"text-align: center;\"><img decoding=\"async\" class=\"aligncenter size-large wp-image-15915\" src=\"http:\/\/www.perupesquero.org\/web\/wp-content\/uploads\/2019\/02\/anchoveta-en-27-de-enero-1024x270.jpg\" alt=\"anchoveta en 27 de enero\" width=\"100%\" srcset=\"http:\/\/www.perupesquero.org\/web\/wp-content\/uploads\/2019\/02\/anchoveta-en-27-de-enero-1024x270.jpg 1024w, http:\/\/www.perupesquero.org\/web\/wp-content\/uploads\/2019\/02\/anchoveta-en-27-de-enero-300x79.jpg 300w, http:\/\/www.perupesquero.org\/web\/wp-content\/uploads\/2019\/02\/anchoveta-en-27-de-enero-768x203.jpg 768w\" sizes=\"(max-width: 1024px) 100vw, 1024px\" \/><\/p>\n<p style=\"text-align: justify;\">\n<h2 style=\"text-align: justify;\"><strong>Reporte del 28 de enero del 2019<\/strong><\/h2>\n<p style=\"text-align: center;\"><img decoding=\"async\" class=\"aligncenter size-large wp-image-15916\" src=\"http:\/\/www.perupesquero.org\/web\/wp-content\/uploads\/2019\/02\/anchoveta-en-el-sur-28-de-enero-1024x250.jpg\" alt=\"anchoveta en el sur 28 de enero\" width=\"100%\" srcset=\"http:\/\/www.perupesquero.org\/web\/wp-content\/uploads\/2019\/02\/anchoveta-en-el-sur-28-de-enero-1024x250.jpg 1024w, http:\/\/www.perupesquero.org\/web\/wp-content\/uploads\/2019\/02\/anchoveta-en-el-sur-28-de-enero-300x73.jpg 300w, http:\/\/www.perupesquero.org\/web\/wp-content\/uploads\/2019\/02\/anchoveta-en-el-sur-28-de-enero-768x188.jpg 768w, http:\/\/www.perupesquero.org\/web\/wp-content\/uploads\/2019\/02\/anchoveta-en-el-sur-28-de-enero.jpg 1322w\" sizes=\"(max-width: 1024px) 100vw, 1024px\" \/><\/p>\n<p style=\"text-align: justify;\">\n<h2 style=\"text-align: justify;\"><strong>Reporte del 29 de enero del 2019<\/strong><\/h2>\n<p style=\"text-align: center;\"><img loading=\"lazy\" decoding=\"async\" class=\"aligncenter size-large wp-image-15917\" src=\"http:\/\/www.perupesquero.org\/web\/wp-content\/uploads\/2019\/02\/anchoveta-en-el-sur-29-de-enero-1024x466.jpg\" alt=\"anchoveta en el sur 29 de enero\" width=\"640\" height=\"291\" srcset=\"http:\/\/www.perupesquero.org\/web\/wp-content\/uploads\/2019\/02\/anchoveta-en-el-sur-29-de-enero-1024x466.jpg 1024w, http:\/\/www.perupesquero.org\/web\/wp-content\/uploads\/2019\/02\/anchoveta-en-el-sur-29-de-enero-300x137.jpg 300w, http:\/\/www.perupesquero.org\/web\/wp-content\/uploads\/2019\/02\/anchoveta-en-el-sur-29-de-enero-768x349.jpg 768w, http:\/\/www.perupesquero.org\/web\/wp-content\/uploads\/2019\/02\/anchoveta-en-el-sur-29-de-enero.jpg 1424w\" sizes=\"auto, (max-width: 640px) 100vw, 640px\" \/><\/p>\n<p style=\"text-align: justify;\">Frente a este triste panorama que demuestra una vez m\u00e1s que los criterios t\u00e9cnicos y cient\u00edficos en pro de la sostenibilidad del recurso se desploman para dar paso a la sobrepesca o mejor dicho a la depredaci\u00f3n marina, Produce est\u00e1 obligado a ser cauteloso y efectivizar el manejo integral y la explotaci\u00f3n racional de los recursos hidrobiol\u00f3gicos, considerando que la actividad pesquera es de inter\u00e9s nacional. En ese sentido, la veda de 10 d\u00edas debe ser en todo el sur del Per\u00fa.<\/p>\n<p style=\"text-align: center;\">\t\t\t<div \n\t\t\tclass=\"yotu-playlist yotuwp yotu-limit-min yotu-limit-max   yotu-thumb-169  yotu-template-mix\" \n\t\t\tdata-page=\"1\"\n\t\t\tid=\"yotuwp-69f1a9b9b209e\"\n\t\t\tdata-yotu=\"69f1a9b9cc75c\"\n\t\t\tdata-total=\"1\"\n\t\t\tdata-settings=\"eyJ0eXBlIjoidmlkZW9zIiwiaWQiOiJUN0N6ZVFOdDhaMCIsInBhZ2luYXRpb24iOiJvbiIsInBhZ2l0eXBlIjoicGFnZXIiLCJjb2x1bW4iOiIzIiwicGVyX3BhZ2UiOiIxMiIsInRlbXBsYXRlIjoibWl4IiwidGl0bGUiOiJvbiIsImRlc2NyaXB0aW9uIjoib24iLCJ0aHVtYnJhdGlvIjoiMTY5IiwibWV0YSI6Im9mZiIsIm1ldGFfZGF0YSI6Im9mZiIsIm1ldGFfcG9zaXRpb24iOiJvZmYiLCJkYXRlX2Zvcm1hdCI6Im9mZiIsIm1ldGFfYWxpZ24iOiJvZmYiLCJzdWJzY3JpYmUiOiJvZmYiLCJkdXJhdGlvbiI6Im9mZiIsIm1ldGFfaWNvbiI6Im9mZiIsIm5leHR0ZXh0IjoiIiwicHJldnRleHQiOiIiLCJsb2FkbW9yZXRleHQiOiIiLCJwbGF5ZXIiOnsibW9kZSI6ImxhcmdlIiwid2lkdGgiOiI2MDAiLCJzY3JvbGxpbmciOiIxMDAiLCJhdXRvcGxheSI6MSwiY29udHJvbHMiOjEsIm1vZGVzdGJyYW5kaW5nIjoxLCJsb29wIjoxLCJhdXRvbmV4dCI6MSwic2hvd2luZm8iOjEsInJlbCI6MSwicGxheWluZyI6MCwicGxheWluZ19kZXNjcmlwdGlvbiI6MCwidGh1bWJuYWlscyI6MCwiY2NfbG9hZF9wb2xpY3kiOiIxIiwiY2NfbGFuZ19wcmVmIjoiMSIsImhsIjoiIiwiaXZfbG9hZF9wb2xpY3kiOiIxIn0sImxhc3RfdGFiIjoiYXBpIiwidXNlX2FzX21vZGFsIjoib2ZmIiwibW9kYWxfaWQiOiJvZmYiLCJsYXN0X3VwZGF0ZSI6IjE1NDg4MDYyMjMiLCJzdHlsaW5nIjp7InBhZ2VyX2xheW91dCI6ImRlZmF1bHQiLCJidXR0b24iOiIxIiwiYnV0dG9uX2NvbG9yIjoiIiwiYnV0dG9uX2JnX2NvbG9yIjoiIiwiYnV0dG9uX2NvbG9yX2hvdmVyIjoiIiwiYnV0dG9uX2JnX2NvbG9yX2hvdmVyIjoiIiwidmlkZW9fc3R5bGUiOiIiLCJwbGF5aWNvbl9jb2xvciI6IiIsImhvdmVyX2ljb24iOiIiLCJnYWxsZXJ5X2JnIjoiIn0sImVmZmVjdHMiOnsidmlkZW9fYm94IjoiIiwiZmxpcF9lZmZlY3QiOiIifSwiZ2FsbGVyeV9pZCI6IjY5ZjFhOWI5YjIwOWUifQ==\"\n\t\t\tdata-player=\"large\"\n\t\t\tdata-showdesc=\"on\" >\n\t\t\t\t<div>\n\t\t\t\t\t\t\t\t\t\t<div class=\"yotu-wrapper-player\" style=\"width:600px\">\n\t\t\t\t\t\t\t\t\t\t\t\t<div class=\"yotu-player\">\n\t\t\t\t\t\t\t<div class=\"yotu-video-placeholder\" id=\"yotu-player-69f1a9b9cc75c\"><\/div>\n\t\t\t\t\t\t<\/div>\n\t\t\t\t\t\t<div class=\"yotu-playing-status\"><\/div>\n\t\t\t\t\t\t\t\t\t\t\t<\/div>\n\n\t\t\t\t\t<div class=\"yotu-pagination yotu-hide yotu-pager_layout-default yotu-pagination-top\">\n<a href=\"#\" class=\"yotu-pagination-prev yotu-button-prs yotu-button-prs-1\" data-page=\"prev\">Prev<\/a>\n<span class=\"yotu-pagination-current\">1<\/span> <span>of<\/span> <span class=\"yotu-pagination-total\">1<\/span>\n<a href=\"#\" class=\"yotu-pagination-next yotu-button-prs yotu-button-prs-1\" data-page=\"next\">Next<\/a>\n<\/div>\n<div class=\"yotu-videos yotu-mode-mix yotu-mode-grid yotu-column-3 yotu-player-mode-large\">\n\t<ul>\n\t\t\t\t\t<li class=\" yotu-first\">\n\t\t\t\t\t\t\t\t<a href=\"#T7CzeQNt8Z0\" class=\"yotu-video\" data-videoid=\"T7CzeQNt8Z0\" data-title=\"Sobrepesca de recursos juveniles ocasionar\u00e1 depredaci\u00f3n de Anchoveta en el sur\">\n\t\t\t\t\t<div class=\"yotu-video-thumb-wrp\">\n\t\t\t\t\t\t<div>\n\t\t\t\t\t\t\t\t\t\t\t\t\t\t<img decoding=\"async\" class=\"yotu-video-thumb\" src=\"https:\/\/i.ytimg.com\/vi\/T7CzeQNt8Z0\/sddefault.jpg\" alt=\"Sobrepesca de recursos juveniles ocasionar\u00e1 depredaci\u00f3n de Anchoveta en el sur\" \/>\n\t\t\t\t\t\t\t\t\t\t\t\t\t<\/div>\n\t\t\t\t\t<\/div>\n\t\t\t\t\t\t\t\t\t\t\t<h3 class=\"yotu-video-title\">Sobrepesca de recursos juveniles ocasionar\u00e1 depredaci\u00f3n de Anchoveta en el sur<\/h3>\n\t\t\t\t\t\t\t\t\t\t\t\t\t\t\t\t\t\t\t\t\t<div class=\"yotu-video-description\"><\/div>\n\t\t\t\t\t\t\t\t\t<\/a>\n\t\t\t\t\t\t\t<\/li>\n\t\t\t\t\n\t\t\t\t<\/ul>\n<\/div><div class=\"yotu-pagination yotu-hide yotu-pager_layout-default yotu-pagination-bottom\">\n<a href=\"#\" class=\"yotu-pagination-prev yotu-button-prs yotu-button-prs-1\" data-page=\"prev\">Prev<\/a>\n<span class=\"yotu-pagination-current\">1<\/span> <span>of<\/span> <span class=\"yotu-pagination-total\">1<\/span>\n<a href=\"#\" class=\"yotu-pagination-next yotu-button-prs yotu-button-prs-1\" data-page=\"next\">Next<\/a>\n<\/div>\n\t\t\t\t<\/div>\n\t\t\t<\/div>\n","protected":false},"excerpt":{"rendered":"<p>\u00bfSe burlan de la sostenibilidad del recurso?. La presencia de altos porcentajes de juveniles en las capturas pesqueras de Anchoveta que se realizan en las diferentes zonas, desde Planchada hasta Ilo, podr\u00eda ser el factor devastador que originar\u00eda, que el stock de este recurso siga disminuyendo como sucede desde los \u00faltimos a\u00f1os en la zona [&hellip;]<\/p>\n","protected":false},"author":2,"featured_media":15918,"comment_status":"open","ping_status":"open","sticky":false,"template":"","format":"standard","meta":{"footnotes":""},"categories":[63,67],"tags":[],"class_list":["post-15912","post","type-post","status-publish","format-standard","has-post-thumbnail","hentry","category-noticias","category-pesqueria"],"_links":{"self":[{"href":"http:\/\/www.perupesquero.org\/web\/wp-json\/wp\/v2\/posts\/15912","targetHints":{"allow":["GET"]}}],"collection":[{"href":"http:\/\/www.perupesquero.org\/web\/wp-json\/wp\/v2\/posts"}],"about":[{"href":"http:\/\/www.perupesquero.org\/web\/wp-json\/wp\/v2\/types\/post"}],"author":[{"embeddable":true,"href":"http:\/\/www.perupesquero.org\/web\/wp-json\/wp\/v2\/users\/2"}],"replies":[{"embeddable":true,"href":"http:\/\/www.perupesquero.org\/web\/wp-json\/wp\/v2\/comments?post=15912"}],"version-history":[{"count":2,"href":"http:\/\/www.perupesquero.org\/web\/wp-json\/wp\/v2\/posts\/15912\/revisions"}],"predecessor-version":[{"id":15920,"href":"http:\/\/www.perupesquero.org\/web\/wp-json\/wp\/v2\/posts\/15912\/revisions\/15920"}],"wp:featuredmedia":[{"embeddable":true,"href":"http:\/\/www.perupesquero.org\/web\/wp-json\/wp\/v2\/media\/15918"}],"wp:attachment":[{"href":"http:\/\/www.perupesquero.org\/web\/wp-json\/wp\/v2\/media?parent=15912"}],"wp:term":[{"taxonomy":"category","embeddable":true,"href":"http:\/\/www.perupesquero.org\/web\/wp-json\/wp\/v2\/categories?post=15912"},{"taxonomy":"post_tag","embeddable":true,"href":"http:\/\/www.perupesquero.org\/web\/wp-json\/wp\/v2\/tags?post=15912"}],"curies":[{"name":"wp","href":"https:\/\/api.w.org\/{rel}","templated":true}]}}