{"id":15345,"date":"2018-06-25T14:29:43","date_gmt":"2018-06-25T19:29:43","guid":{"rendered":"http:\/\/www.perupesquero.org\/web\/?p=15345"},"modified":"2018-06-25T14:29:43","modified_gmt":"2018-06-25T19:29:43","slug":"1-de-julio-se-inicia-segunda-temporada-de-pesca-de-anchoveta-en-el-sur","status":"publish","type":"post","link":"http:\/\/www.perupesquero.org\/web\/1-de-julio-se-inicia-segunda-temporada-de-pesca-de-anchoveta-en-el-sur\/","title":{"rendered":"1 de julio se inicia segunda temporada de pesca de Anchoveta en el sur"},"content":{"rendered":"<p style=\"text-align: justify;\">Seg\u00fan el Ministerio de la Producci\u00f3n, Produce, la segunda temporada de pesca de Anchoveta en la zona sur del pa\u00eds se extender\u00e1 del 1 de julio al 31 de diciembre; pero podr\u00eda ampliarse o reducirse este plazo.<\/p>\n<p style=\"text-align: justify;\">Produce \u00a0a trav\u00e9s de la RM 257-2018-PRODUCE, autoriz\u00f3 el inicio de la\u00a0<a href=\"https:\/\/elcomercio.pe\/noticias\/segunda-temporada-de-pesca\">segunda temporada de pesca de Anchoveta<\/a>\u00a0y Anchoveta blanca\u00a0 en el \u00e1rea mar\u00edtima comprendida entre los 16\u00b000\u00b4LS y el extremo sur del dominio mar\u00edtimo del Per\u00fa; que se dar\u00e1 durante el segundo semestre del a\u00f1o 2018.<\/p>\n<p style=\"text-align: justify;\">De acuerdo al\u00a0Produce, el inicio de esta temporada &#8220;regir\u00e1 a partir de la\u00a000:00 horas del 01 de julio de 2018,\u00a0siendo la fecha de conclusi\u00f3n, una vez alcanzado el L\u00edmite M\u00e1ximo Total de Captura Permisible de la Zona Sur (LMTCP Sur) autorizado de \u00a0535,000 \u00a0toneladas o en su defecto,\u00a0esta no podr\u00e1 exceder del 31 de diciembre de 2018\u201d.<\/p>\n","protected":false},"excerpt":{"rendered":"<p>Seg\u00fan el Ministerio de la Producci\u00f3n, Produce, la segunda temporada de pesca de Anchoveta en la zona sur del pa\u00eds se extender\u00e1 del 1 de julio al 31 de diciembre; pero podr\u00eda ampliarse o reducirse este plazo. Produce \u00a0a trav\u00e9s de la RM 257-2018-PRODUCE, autoriz\u00f3 el inicio de la\u00a0segunda temporada de pesca de Anchoveta\u00a0y Anchoveta [&hellip;]<\/p>\n","protected":false},"author":2,"featured_media":15346,"comment_status":"open","ping_status":"open","sticky":false,"template":"","format":"standard","meta":{"footnotes":""},"categories":[77,78,63,67,69,1904,72],"tags":[2807,2806],"class_list":["post-15345","post","type-post","status-publish","format-standard","has-post-thumbnail","hentry","category-internacionales","category-nacionales","category-noticias","category-pesqueria","category-politica","category-principal","category-regionales","tag-1-de-julio-se-inicia-segunda-temporada-de-pesca-de-anchoveta-en-el-s","tag-1-de-julio-se-inicia-segunda-temporada-de-pesca-de-anchoveta-en-el-sur"],"_links":{"self":[{"href":"http:\/\/www.perupesquero.org\/web\/wp-json\/wp\/v2\/posts\/15345","targetHints":{"allow":["GET"]}}],"collection":[{"href":"http:\/\/www.perupesquero.org\/web\/wp-json\/wp\/v2\/posts"}],"about":[{"href":"http:\/\/www.perupesquero.org\/web\/wp-json\/wp\/v2\/types\/post"}],"author":[{"embeddable":true,"href":"http:\/\/www.perupesquero.org\/web\/wp-json\/wp\/v2\/users\/2"}],"replies":[{"embeddable":true,"href":"http:\/\/www.perupesquero.org\/web\/wp-json\/wp\/v2\/comments?post=15345"}],"version-history":[{"count":1,"href":"http:\/\/www.perupesquero.org\/web\/wp-json\/wp\/v2\/posts\/15345\/revisions"}],"predecessor-version":[{"id":15347,"href":"http:\/\/www.perupesquero.org\/web\/wp-json\/wp\/v2\/posts\/15345\/revisions\/15347"}],"wp:featuredmedia":[{"embeddable":true,"href":"http:\/\/www.perupesquero.org\/web\/wp-json\/wp\/v2\/media\/15346"}],"wp:attachment":[{"href":"http:\/\/www.perupesquero.org\/web\/wp-json\/wp\/v2\/media?parent=15345"}],"wp:term":[{"taxonomy":"category","embeddable":true,"href":"http:\/\/www.perupesquero.org\/web\/wp-json\/wp\/v2\/categories?post=15345"},{"taxonomy":"post_tag","embeddable":true,"href":"http:\/\/www.perupesquero.org\/web\/wp-json\/wp\/v2\/tags?post=15345"}],"curies":[{"name":"wp","href":"https:\/\/api.w.org\/{rel}","templated":true}]}}