{"id":15342,"date":"2018-06-20T00:04:52","date_gmt":"2018-06-20T05:04:52","guid":{"rendered":"http:\/\/www.perupesquero.org\/web\/?p=15342"},"modified":"2018-06-20T00:04:52","modified_gmt":"2018-06-20T05:04:52","slug":"sni-en-peligro-exportaciones-pesqueras-para-consumo-humano","status":"publish","type":"post","link":"http:\/\/www.perupesquero.org\/web\/sni-en-peligro-exportaciones-pesqueras-para-consumo-humano\/","title":{"rendered":"SNI: En peligro exportaciones pesqueras para Consumo Humano"},"content":{"rendered":"<p style=\"text-align: justify;\">Las plantas de Consumo Humano de congelado y conservera de nuestro pa\u00eds vienen atravesando graves problemas debido principalmente a la tramitolog\u00eda, sobre costos y al reciente recorte realizado por el Ministerio de Econom\u00eda y Finanzas (MEF), al presupuesto de apertura y demora en atender la solicitud de demandas adicional del SANIPES en el 2018, denunci\u00f3 el Primer Vicepresidente de Comit\u00e9 de Pesca y Acuicultura de la Sociedad Nacional de Industrias, SNI, Hugo Vernal.<\/p>\n<p style=\"text-align: justify;\">Al respecto, el dirigente gremial alert\u00f3 que el referido sector, a ra\u00edz de todos los obst\u00e1culos que impiden su normal desarrollo, paralizar\u00eda sus actividades especialmente en el norte del pa\u00eds.<\/p>\n<p style=\"text-align: justify;\">\u201cExiste una situaci\u00f3n delicada porque la par\u00e1lisis pol\u00edtica en los ministerios como consecuencia del cambio de Presidente de la Rep\u00fablica y en especial, de los cuatro Ministros de la Producci\u00f3n y Vice Ministros en seis meses, ha generado la paralizaci\u00f3n en la toma de decisiones y ejecuci\u00f3n de cambios de pol\u00edticas y normas que deb\u00edan ayudar al sector de pesca para el Consumo Humano, o sea, bajar la tramitolog\u00eda, los plazos, los sobre costos, la devoluci\u00f3n del Impuesto General a Las Ventas (IGV) a tiempo entre otras, que agobian a este sector\u201d, sostuvo.<\/p>\n<p style=\"text-align: justify;\">En ese sentido, agreg\u00f3 que el sector pesquero para Consumo Humano no puede competir en igualdad de condiciones con nuestros vecinos de la APEC y otras econom\u00edas de la regi\u00f3n en los mercados mundiales.<\/p>\n<p style=\"text-align: justify;\">Incluso, Vernal afirm\u00f3 que el sector pesca para consumo humano viene siendo discriminado por el Estado, a comparaci\u00f3n de la industria harinera que ha recibido apoyo por los gobiernos y congresos en los \u00faltimos 40 a\u00f1os, con normas y reg\u00edmenes especiales, plazos adecuados, permisos para construir los barcos que necesitaron sin l\u00edmite de tama\u00f1os, derechos de pesca, entre otros beneficios, hechos que \u201caplaudimos ya que hoy es una industria harinera moderna, eficiente y eficaz, as\u00ed como rentable, sustentable, respetuosa del medio ambiente y respetuosa socialmente\u201d.\u00a0\u00a0.<\/p>\n<p style=\"text-align: justify;\">\u201cSin embargo, la industria de pesca para Consumo Humano, no tiene barcos propios, ni recibe apoyo del gobierno, ni del congreso. En el caso de la acuicultura que es una actividad que los \u00faltimos dos gobiernos quieren incentiva, le retiran el beneficio del 15 por ciento del Impuesto a la Renta y en el caso de las plantas, le cargan de tramitolog\u00eda, sobre costos y una intervenci\u00f3n en sus plantas los 365 d\u00edas del a\u00f1o, como no ocurre en ninguna otra industria en el pa\u00eds\u201d, precis\u00f3.<\/p>\n<p style=\"text-align: justify;\">Paralizaci\u00f3n de labores<\/p>\n<p style=\"text-align: justify;\">Al referirse a la posibilidad de parar sus actividades los pescadores\u00a0y transformadores de Concha de Abanico, Vernal explic\u00f3 que lo grave del problema presentado por la falta de presupuesto de la autoridad sanitaria pesquera (SANIPES), es que paralizar\u00edan en julio del 2018 al sector en su conjunto.<\/p>\n<p style=\"text-align: justify;\">\u201cLos inspectores no podr\u00edan ejercer la supervisi\u00f3n de la extracci\u00f3n, desembarque, transporte y transformaci\u00f3n de estos bivalvos y por tanto tampoco podr\u00edan otorgar los certificados para exportar a la Comunidad Econ\u00f3mica Europea (CEE).<\/p>\n<p style=\"text-align: justify;\">Sin embargo, dijo que el problema m\u00e1s grave se generar\u00eda al no poder cumplir con los monitores en las bah\u00edas de nuestro litoral, lo cual ocasionar\u00eda el despiste de las zonas autorizadas por la CEE y la imposibilidad de poder procesar y exportar en los pr\u00f3ximos 12 meses a Europa, que es el principal mercado de los Bivalvos de Per\u00fa, \u201clo cual sin lugar a dudas ser\u00eda el quiebre de este importante sector\u201d.<\/p>\n<p style=\"text-align: justify;\">Reuni\u00f3n de emergencia con SANIPES<\/p>\n<p style=\"text-align: justify;\">A ra\u00edz de los problemas que perjudican econ\u00f3micamente al sector, el directorio en pleno del Comit\u00e9 de Pesca y Acuicultura de la SNI sostuvo una reuni\u00f3n de emergencia con los m\u00e1ximos representantes de SANIPES en que se trataron los problemas generados por exigencias del referido organismo consideradas por el sector de Consumo Humano como\u00a0anti t\u00e9cnicos.<\/p>\n<p style=\"text-align: justify;\">\u201cDichas exigencias est\u00e1n generando sobre costos, complican el comercio exterior, obliga a incumplir plazos de entrega a los clientes y genera demoras innecesarias que aumentan sobre manera la necesidad de capital de trabajo y financiamiento de parte de la banca a las empresas, que en muchos de los casos no son otorgadas\u201d, manifest\u00f3 Vernal.<\/p>\n<p style=\"text-align: justify;\">Inform\u00f3 que producto del reclamo, se encontr\u00f3 una muy buena receptividad y disposici\u00f3n de parte del director ejecutivo del SANIPES, Ernesto Bustamante y sus funcionarios, quienes reaccionaron ante nuestros reclamos confirmando el inicio de una mesa t\u00e9cnica para ma\u00f1ana lunes 18, con los representantes de nuestro gremio, para abordar los problemas y tratar de solucionarlos lo antes posible.<\/p>\n<p style=\"text-align: justify;\">Agreg\u00f3 que nuestro gremio ha expresado su conformidad en fortalecer a esta autoridad sanitaria, pero sin que esto signifique sobre costos y paralizaciones.<\/p>\n<p style=\"text-align: justify;\">Vernal confirm\u00f3 que de continuar esta paralizaci\u00f3n e inacciones por parte de SANIPES, se incrementar\u00edan las p\u00e9rdidas econ\u00f3micas en la Pota las cuales podr\u00edan llegar a los $ 40 millones de d\u00f3lares y de despistarse la zona para las conchas de abanico otros $ 38 MM de d\u00f3lares m\u00e1s, totalizando aproximadamente $ 78 MM de d\u00f3lares.<\/p>\n<p style=\"text-align: justify;\">\u201cSin embargo, \u00e9sta no ser\u00eda la \u00fanica perdida, sino que se sumar\u00eda con la p\u00e9rdida de miles de puestos de trabajo de pescadores, estibadores, transportistas, acuicultores y finalmente, la p\u00e9rdida del mercado para ambas especies que tom\u00f3 m\u00e1s de diez a\u00f1os a las empresas peruanas en conquistarlos\u201d, afirm\u00f3 Vernal.<\/p>\n<p style=\"text-align: justify;\">Expectativas para segundo semestre<\/p>\n<p style=\"text-align: justify;\">De otra parte, Hugo Vernal manifest\u00f3 que la captura de especies marinas como la pota y merluza ser\u00e1n buenas en el segundo semestre, pero las sobre regulaciones y los sobre costos har\u00e1n que el margen de ganancias de las empresas sean muy bajas, impidiendo que \u00e9stas puedan recuperarse del impacto del fen\u00f3meno \u201cNi\u00f1o Costero\u201d.<\/p>\n<p style=\"text-align: justify;\">\u201cNo se podr\u00e1 realizar inversiones, programas de mantenimiento, inversiones en programa medio ambientales e inversi\u00f3n en investigaci\u00f3n, as\u00ed como desarrollos de nuevos productos, mercados y mejoras tecnol\u00f3gicas\u201d, sostuvo.<\/p>\n<p style=\"text-align: justify;\">Finalmente,\u00a0\u00a0el Primer Vicepresidente del Comit\u00e9 de Pesca y Acuicultura de la SNI, Sr. Hugo Vernal reitero la solicitud al Presidente de la Rep\u00fablica, Mart\u00edn Vizcarra, al Ministro de la Producci\u00f3n, Ricardo P\u00e9rez \u2013 Reyes, al Congreso de la Rep\u00fablica y a las autoridades de turno, a que asuman su responsabilidad de \u201cprivilegiar y apoyar realmente a la pesca para el consumo humano\u201d, otorgando las facilidades y tratamiento necesarios para que este sector, ayude tambi\u00e9n a desterrar la anemia y la desnutrici\u00f3n infantil en nuestro pa\u00eds y alcance la meta de 3.000 millones de d\u00f3lares en exportaciones para el 2021.<\/p>\n<p>&nbsp;<\/p>\n","protected":false},"excerpt":{"rendered":"<p>Las plantas de Consumo Humano de congelado y conservera de nuestro pa\u00eds vienen atravesando graves problemas debido principalmente a la tramitolog\u00eda, sobre costos y al reciente recorte realizado por el Ministerio de Econom\u00eda y Finanzas (MEF), al presupuesto de apertura y demora en atender la solicitud de demandas adicional del SANIPES en el 2018, denunci\u00f3 [&hellip;]<\/p>\n","protected":false},"author":2,"featured_media":15343,"comment_status":"open","ping_status":"open","sticky":false,"template":"","format":"standard","meta":{"footnotes":""},"categories":[77,78,63,67,69,1904,72],"tags":[2805],"class_list":["post-15342","post","type-post","status-publish","format-standard","has-post-thumbnail","hentry","category-internacionales","category-nacionales","category-noticias","category-pesqueria","category-politica","category-principal","category-regionales","tag-sni-en-peligro-exportaciones-pesqueras-para-consumo-humano"],"_links":{"self":[{"href":"http:\/\/www.perupesquero.org\/web\/wp-json\/wp\/v2\/posts\/15342","targetHints":{"allow":["GET"]}}],"collection":[{"href":"http:\/\/www.perupesquero.org\/web\/wp-json\/wp\/v2\/posts"}],"about":[{"href":"http:\/\/www.perupesquero.org\/web\/wp-json\/wp\/v2\/types\/post"}],"author":[{"embeddable":true,"href":"http:\/\/www.perupesquero.org\/web\/wp-json\/wp\/v2\/users\/2"}],"replies":[{"embeddable":true,"href":"http:\/\/www.perupesquero.org\/web\/wp-json\/wp\/v2\/comments?post=15342"}],"version-history":[{"count":1,"href":"http:\/\/www.perupesquero.org\/web\/wp-json\/wp\/v2\/posts\/15342\/revisions"}],"predecessor-version":[{"id":15344,"href":"http:\/\/www.perupesquero.org\/web\/wp-json\/wp\/v2\/posts\/15342\/revisions\/15344"}],"wp:featuredmedia":[{"embeddable":true,"href":"http:\/\/www.perupesquero.org\/web\/wp-json\/wp\/v2\/media\/15343"}],"wp:attachment":[{"href":"http:\/\/www.perupesquero.org\/web\/wp-json\/wp\/v2\/media?parent=15342"}],"wp:term":[{"taxonomy":"category","embeddable":true,"href":"http:\/\/www.perupesquero.org\/web\/wp-json\/wp\/v2\/categories?post=15342"},{"taxonomy":"post_tag","embeddable":true,"href":"http:\/\/www.perupesquero.org\/web\/wp-json\/wp\/v2\/tags?post=15342"}],"curies":[{"name":"wp","href":"https:\/\/api.w.org\/{rel}","templated":true}]}}