{"id":15117,"date":"2018-04-06T16:47:01","date_gmt":"2018-04-06T21:47:01","guid":{"rendered":"http:\/\/www.perupesquero.org\/web\/?p=15117"},"modified":"2018-04-06T16:47:01","modified_gmt":"2018-04-06T21:47:01","slug":"este-lunes-titular-de-la-produccion-visitara-plantas-pesqueras-en-chimbote","status":"publish","type":"post","link":"http:\/\/www.perupesquero.org\/web\/este-lunes-titular-de-la-produccion-visitara-plantas-pesqueras-en-chimbote\/","title":{"rendered":"Este lunes: Titular de la Producci\u00f3n visitar\u00e1 plantas pesqueras en Chimbote"},"content":{"rendered":"<p style=\"text-align: justify;\">El flamante Ministro de la Producci\u00f3n, Daniel C\u00f3rdova, sostuvo enf\u00e1ticamente que no aceptar\u00e1 presiones de empresarios, congresistas, menos de sindicatos que no quieran colaborar en el desarrollo del sector.<\/p>\n<p style=\"text-align: justify;\">Seguro de s\u00ed. C\u00f3rdova durante la conferencia de prensa realizada hoy, (6 de abril 2018) en horas de la ma\u00f1ana en Produce tras hacer p\u00fablico, la cuota para la primera temporada anchovetera norte centro de 3,316,700 toneladas, dijo que este lunes llegar\u00eda a Chimbote.<\/p>\n<p style=\"text-align: justify;\">\u201cEste lunes estar\u00e9 en Chimbote para visitar las plantas pesqueras\u201d, sostuvo el Ministro, \u00a0enfatizando su apoyo decidido a la actividad artesanal, aunque no precis\u00f3 que plantas pesqueras visitar\u00eda en Chimbote; sin embargo, manifest\u00f3 que retomar\u00eda la diversificaci\u00f3n productiva y acelerar\u00eda la inversi\u00f3n en los puertos artesanales, adem\u00e1s de impulsar la innovaci\u00f3n y las mypes.<\/p>\n","protected":false},"excerpt":{"rendered":"<p>El flamante Ministro de la Producci\u00f3n, Daniel C\u00f3rdova, sostuvo enf\u00e1ticamente que no aceptar\u00e1 presiones de empresarios, congresistas, menos de sindicatos que no quieran colaborar en el desarrollo del sector. Seguro de s\u00ed. C\u00f3rdova durante la conferencia de prensa realizada hoy, (6 de abril 2018) en horas de la ma\u00f1ana en Produce tras hacer p\u00fablico, la [&hellip;]<\/p>\n","protected":false},"author":2,"featured_media":15118,"comment_status":"open","ping_status":"open","sticky":false,"template":"","format":"standard","meta":{"footnotes":""},"categories":[77,78,63,67,69,1904,72],"tags":[2738],"class_list":["post-15117","post","type-post","status-publish","format-standard","has-post-thumbnail","hentry","category-internacionales","category-nacionales","category-noticias","category-pesqueria","category-politica","category-principal","category-regionales","tag-este-lunes-titular-de-la-produccion-visitara-plantas-pesqueras-en-chimbote"],"_links":{"self":[{"href":"http:\/\/www.perupesquero.org\/web\/wp-json\/wp\/v2\/posts\/15117","targetHints":{"allow":["GET"]}}],"collection":[{"href":"http:\/\/www.perupesquero.org\/web\/wp-json\/wp\/v2\/posts"}],"about":[{"href":"http:\/\/www.perupesquero.org\/web\/wp-json\/wp\/v2\/types\/post"}],"author":[{"embeddable":true,"href":"http:\/\/www.perupesquero.org\/web\/wp-json\/wp\/v2\/users\/2"}],"replies":[{"embeddable":true,"href":"http:\/\/www.perupesquero.org\/web\/wp-json\/wp\/v2\/comments?post=15117"}],"version-history":[{"count":1,"href":"http:\/\/www.perupesquero.org\/web\/wp-json\/wp\/v2\/posts\/15117\/revisions"}],"predecessor-version":[{"id":15119,"href":"http:\/\/www.perupesquero.org\/web\/wp-json\/wp\/v2\/posts\/15117\/revisions\/15119"}],"wp:featuredmedia":[{"embeddable":true,"href":"http:\/\/www.perupesquero.org\/web\/wp-json\/wp\/v2\/media\/15118"}],"wp:attachment":[{"href":"http:\/\/www.perupesquero.org\/web\/wp-json\/wp\/v2\/media?parent=15117"}],"wp:term":[{"taxonomy":"category","embeddable":true,"href":"http:\/\/www.perupesquero.org\/web\/wp-json\/wp\/v2\/categories?post=15117"},{"taxonomy":"post_tag","embeddable":true,"href":"http:\/\/www.perupesquero.org\/web\/wp-json\/wp\/v2\/tags?post=15117"}],"curies":[{"name":"wp","href":"https:\/\/api.w.org\/{rel}","templated":true}]}}