{"id":1266,"date":"2014-07-24T04:57:59","date_gmt":"2014-07-24T09:57:59","guid":{"rendered":"http:\/\/www.perupesquero.org\/?p=1266"},"modified":"2014-07-24T04:57:59","modified_gmt":"2014-07-24T09:57:59","slug":"sobre-el-fenomeno-del-nino","status":"publish","type":"post","link":"http:\/\/www.perupesquero.org\/web\/sobre-el-fenomeno-del-nino\/","title":{"rendered":"Sobre el Fen\u00f3meno del Ni\u00f1o"},"content":{"rendered":"<p style=\"text-align: justify;\">Roberto Vieira, Pdte. del Frente Nacional de Pesca.<\/p>\n<p style=\"text-align: justify;\">Buenas noticias para nuestra pesquer\u00eda y por ende para nuestro pa\u00eds: los vientos ant\u00e1rticos junto con la corriente del Humboldt, que desplaza aguas fr\u00edas de sur a norte, han empezado a normalizar gran parte de nuestro mar, puesto que las aguas calientes est\u00e1n repleg\u00e1ndose hacia el Ecuador. Como se sab\u00eda meses atr\u00e1s masas de aguas calientes hab\u00edan ingresado cerca de nuestras costas hasta la altura de San Juan de Marcona en temporada de oto\u00f1o e inicio de invierno ocasionando cambios ambientales. Por eso, la Anchoveta, recurso estrat\u00e9gico de nuestra econom\u00eda (cerca del 90 por ciento de nuestra industria depende de ella), se profundiz\u00f3 y se meti\u00f3 m\u00e1s hacia la costa. Pero todo indica que las aguas se empiezan a normalizar, principalmente dentro de las 20 millas donde se desarrolla nuestra actividad pesquera. La captura de la primera cuota de pesca de Anchoveta ha estado por el 50 %. En estos d\u00edas, seguro habr\u00e1 buena pesca y van a completar su producci\u00f3n al 100%, para beneficio de la econom\u00eda.<\/p>\n<p style=\"text-align: justify;\"><strong>Hay que estar preparados<\/strong><br \/>\nGabriel Aguirre, Armador pesquero.<br \/>\nLa naturaleza es usualmente impredecible y el fen\u00f3meno de El Ni\u00f1o tiene consecuencias que son dif\u00edciles de manejar o de descifrar, sobre todo en las condiciones de los pescadores en nuestros d\u00edas. Debemos estar preparados por si la Anchoveta se retira de las aguas y hay carencia de este insumo importante para la gastronom\u00eda y que sirve como eje para la econom\u00eda del pa\u00eds, en su constante crecimiento y explotaci\u00f3n. El Estado peruano deber\u00eda tener previsto este problema de la posible carencia del recurso pesquero de la Anchoveta para evitar que sucedan desgracias y la poblaci\u00f3n se vea afectada dr\u00e1sticamente. La Anchoveta se ha vuelto un agente vital, pero no as\u00ed las condiciones de la pesca como tal y de la labor del pescador artesanal en sus acciones y trabajo a diario. Si bien los pron\u00f3sticos en relaci\u00f3n con el clima y la pesca se muestran favorables, ser\u00eda pertinente que haya medidas de contingencia para que no nos tome por sorpresa la posible carencia de este pez, que podr\u00eda afectar la creciente econom\u00eda y a la poblaci\u00f3n.<\/p>\n<p style=\"text-align: justify;\"><strong>FUENTE:<\/strong> Larepublica.pe<\/p>\n","protected":false},"excerpt":{"rendered":"<p>Roberto Vieira, Pdte. del Frente Nacional de Pesca. Buenas noticias para nuestra pesquer\u00eda y por ende para nuestro pa\u00eds: los vientos ant\u00e1rticos junto con la corriente del Humboldt, que desplaza aguas fr\u00edas de sur a norte, han empezado a normalizar gran parte de nuestro mar, puesto que las aguas calientes est\u00e1n repleg\u00e1ndose hacia el Ecuador. [&hellip;]<\/p>\n","protected":false},"author":2,"featured_media":1267,"comment_status":"open","ping_status":"open","sticky":false,"template":"","format":"standard","meta":{"footnotes":""},"categories":[63],"tags":[],"class_list":["post-1266","post","type-post","status-publish","format-standard","has-post-thumbnail","hentry","category-noticias"],"_links":{"self":[{"href":"http:\/\/www.perupesquero.org\/web\/wp-json\/wp\/v2\/posts\/1266","targetHints":{"allow":["GET"]}}],"collection":[{"href":"http:\/\/www.perupesquero.org\/web\/wp-json\/wp\/v2\/posts"}],"about":[{"href":"http:\/\/www.perupesquero.org\/web\/wp-json\/wp\/v2\/types\/post"}],"author":[{"embeddable":true,"href":"http:\/\/www.perupesquero.org\/web\/wp-json\/wp\/v2\/users\/2"}],"replies":[{"embeddable":true,"href":"http:\/\/www.perupesquero.org\/web\/wp-json\/wp\/v2\/comments?post=1266"}],"version-history":[{"count":0,"href":"http:\/\/www.perupesquero.org\/web\/wp-json\/wp\/v2\/posts\/1266\/revisions"}],"wp:featuredmedia":[{"embeddable":true,"href":"http:\/\/www.perupesquero.org\/web\/wp-json\/"}],"wp:attachment":[{"href":"http:\/\/www.perupesquero.org\/web\/wp-json\/wp\/v2\/media?parent=1266"}],"wp:term":[{"taxonomy":"category","embeddable":true,"href":"http:\/\/www.perupesquero.org\/web\/wp-json\/wp\/v2\/categories?post=1266"},{"taxonomy":"post_tag","embeddable":true,"href":"http:\/\/www.perupesquero.org\/web\/wp-json\/wp\/v2\/tags?post=1266"}],"curies":[{"name":"wp","href":"https:\/\/api.w.org\/{rel}","templated":true}]}}