{"id":1251,"date":"2014-07-28T04:49:57","date_gmt":"2014-07-28T09:49:57","guid":{"rendered":"http:\/\/www.perupesquero.org\/?p=1251"},"modified":"2014-07-28T04:49:57","modified_gmt":"2014-07-28T09:49:57","slug":"solucion-pacifica-en-la-haya-fue-un-ejemplo-de-peru-y-chile-al-mundo","status":"publish","type":"post","link":"http:\/\/www.perupesquero.org\/web\/solucion-pacifica-en-la-haya-fue-un-ejemplo-de-peru-y-chile-al-mundo\/","title":{"rendered":"Soluci\u00f3n pac\u00edfica en La Haya fue un ejemplo de Per\u00fa y Chile al mundo"},"content":{"rendered":"<p style=\"text-align: justify;\">La soluci\u00f3n pac\u00edfica de la controversia mar\u00edtima entre Per\u00fa y Chile, as\u00ed como el acatamiento del fallo de la Corte Internacional de Justicia (CIJ) de La Haya y su pronta ejecuci\u00f3n, constituye un ejemplo de ambos pa\u00edses para el mundo, consider\u00f3 hoy el Jefe del Estado, Ollanta Humala.<\/p>\n<p style=\"text-align: justify;\">Destac\u00f3 que la sentencia por el diferendo mar\u00edtimo bilateral fue de una de las m\u00e1s r\u00e1pidas en la historia de la Corte, e indic\u00f3 que ello tambi\u00e9n ha permitido abrir espacio a una relaci\u00f3n que profundice la confianza, la integraci\u00f3n y la cooperaci\u00f3n entre las dos naciones.<\/p>\n<p style=\"text-align: justify;\">La sentencia de La Haya, emitida el 27 de enero pasado, defini\u00f3 la frontera mar\u00edtima entre Per\u00fa y Chile y permiti\u00f3 a los dos pa\u00edses poner fin al contencioso jur\u00eddico que se inici\u00f3 con la presentaci\u00f3n de la demanda peruana presentada al tribunal en el a\u00f1o 2008.<\/p>\n<p style=\"text-align: justify;\">Al referirse a la pol\u00edtica exterior del Per\u00fa en su Mensaje a la Naci\u00f3n por Fiestas Patrias, el Jefe del Estado se\u00f1al\u00f3 que esta se encuentra alineada tambi\u00e9n con el objetivo de buscar posicionar al pa\u00eds como una potencia regional emergente.<\/p>\n<p style=\"text-align: justify;\">\u201cEl nivel de nuestras relaciones con los otros pa\u00edses vecinos y de la regi\u00f3n es tambi\u00e9n \u00f3ptimo. Con esta ambici\u00f3n y fe en la integraci\u00f3n es que trabajamos para fortalecer la Alianza del Pac\u00edfico (mecanismo conformado por Per\u00fa, Chile, Colombia y M\u00e9xico)\u201d, apunt\u00f3 el Mandatario.<\/p>\n<p style=\"text-align: justify;\">Como parte de su discurso, dijo que esta alianza ha dado pasos muy importantes para su consolidaci\u00f3n, con la suscripci\u00f3n en febrero del Protocolo Adicional al Acuerdo Marco, con el cual se han profundizado los beneficios comerciales entre sus miembros.<\/p>\n<p style=\"text-align: justify;\">Asimismo, mencion\u00f3 que el Per\u00fa cuenta hoy con 17 acuerdos comerciales vigentes, que cubren el 95% del comercio exterior nacional.<\/p>\n<p style=\"text-align: justify;\">\u201cEsta cifra deber\u00e1 incrementarse hacia el 2016 con la entrada en vigor de seis nuevos tratados, cuatro de los cuales est\u00e1n actualmente en negociaci\u00f3n\u201d, apunt\u00f3 el Dignatario.<\/p>\n<p style=\"text-align: justify;\">FUENTE: Andina.com.pe<\/p>\n","protected":false},"excerpt":{"rendered":"<p>La soluci\u00f3n pac\u00edfica de la controversia mar\u00edtima entre Per\u00fa y Chile, as\u00ed como el acatamiento del fallo de la Corte Internacional de Justicia (CIJ) de La Haya y su pronta ejecuci\u00f3n, constituye un ejemplo de ambos pa\u00edses para el mundo, consider\u00f3 hoy el Jefe del Estado, Ollanta Humala. Destac\u00f3 que la sentencia por el diferendo [&hellip;]<\/p>\n","protected":false},"author":2,"featured_media":1252,"comment_status":"open","ping_status":"open","sticky":false,"template":"","format":"standard","meta":{"footnotes":""},"categories":[77,78,63],"tags":[],"class_list":["post-1251","post","type-post","status-publish","format-standard","has-post-thumbnail","hentry","category-internacionales","category-nacionales","category-noticias"],"_links":{"self":[{"href":"http:\/\/www.perupesquero.org\/web\/wp-json\/wp\/v2\/posts\/1251","targetHints":{"allow":["GET"]}}],"collection":[{"href":"http:\/\/www.perupesquero.org\/web\/wp-json\/wp\/v2\/posts"}],"about":[{"href":"http:\/\/www.perupesquero.org\/web\/wp-json\/wp\/v2\/types\/post"}],"author":[{"embeddable":true,"href":"http:\/\/www.perupesquero.org\/web\/wp-json\/wp\/v2\/users\/2"}],"replies":[{"embeddable":true,"href":"http:\/\/www.perupesquero.org\/web\/wp-json\/wp\/v2\/comments?post=1251"}],"version-history":[{"count":0,"href":"http:\/\/www.perupesquero.org\/web\/wp-json\/wp\/v2\/posts\/1251\/revisions"}],"wp:featuredmedia":[{"embeddable":true,"href":"http:\/\/www.perupesquero.org\/web\/wp-json\/"}],"wp:attachment":[{"href":"http:\/\/www.perupesquero.org\/web\/wp-json\/wp\/v2\/media?parent=1251"}],"wp:term":[{"taxonomy":"category","embeddable":true,"href":"http:\/\/www.perupesquero.org\/web\/wp-json\/wp\/v2\/categories?post=1251"},{"taxonomy":"post_tag","embeddable":true,"href":"http:\/\/www.perupesquero.org\/web\/wp-json\/wp\/v2\/tags?post=1251"}],"curies":[{"name":"wp","href":"https:\/\/api.w.org\/{rel}","templated":true}]}}