{"id":12044,"date":"2017-01-03T16:46:28","date_gmt":"2017-01-03T21:46:28","guid":{"rendered":"http:\/\/www.perupesquero.org\/web\/?p=12044"},"modified":"2017-01-03T16:53:00","modified_gmt":"2017-01-03T21:53:00","slug":"produce-informa-sobre-importancia-de-la-pesca-responsable","status":"publish","type":"post","link":"http:\/\/www.perupesquero.org\/web\/produce-informa-sobre-importancia-de-la-pesca-responsable\/","title":{"rendered":"Produce informa sobre importancia de la Pesca Responsable"},"content":{"rendered":"<p style=\"text-align: justify;\"><em>Con la informaci\u00f3n de: Andina.com.pe<\/em><\/p>\n<p style=\"text-align: justify;\">Con el prop\u00f3sito de informar a la poblaci\u00f3n sobre la importancia del consumo responsable de los recursos hidrobiol\u00f3gicos y lograr as\u00ed la sostenibilidad de esas especies, el Ministerio de la Producci\u00f3n, Produce, difunde la campa\u00f1a \u201cPesca Responsable\u201d en todo el pa\u00eds.<\/p>\n<p style=\"text-align: justify;\">Con ello, se busca sensibilizar a la poblaci\u00f3n sobre c\u00f3mo proteger esos recursos mediante la promoci\u00f3n de las buenas pr\u00e1cticas de pesca y el respeto a las tallas m\u00ednimas de captura. Algunos ciudadanos desconocen esos temas y fomentan el consumo del \u201cPulpo beb\u00e9\u201d o \u201cCorvinilla\u201d, entre otros, que est\u00e1n prohibidos.<\/p>\n<p style=\"text-align: justify;\">El objetivo es lograr un cambio de actitud de la ciudadan\u00eda hacia una cultura de protecci\u00f3n de los recursos hidrobiol\u00f3gicos, haciendo reflexionar sobre la riqueza de nuestro Mar y los alimentos que de ah\u00ed se derivan, los mismos que deben ser preservados para que no se depreden o desaparezcan.<\/p>\n<p style=\"text-align: justify;\">\u201cNo hay Per\u00fa sin mar \u00bfSabes c\u00f3mo proteger nuestras especies marinas? Promoviendo las buenas pr\u00e1cticas de pesca y respetando las tallas m\u00ednimas de captura \u00a1El compromiso es de todos!\u201d, es parte de la campa\u00f1a que ya se difunde en diversos medios de comunicaci\u00f3n.<\/p>\n<p style=\"text-align: justify;\"><strong>Dec\u00e1logo<\/strong><br \/>\nLa Direcci\u00f3n General de Supervisi\u00f3n y Fiscalizaci\u00f3n de Produce, aprob\u00f3 el Dec\u00e1logo de la Pesca Responsable con Resoluci\u00f3n Directoral 013-2014, y viene realizando diferentes acciones para informar, sensibilizar y lograr una participaci\u00f3n activa de la poblaci\u00f3n en la protecci\u00f3n de la sostenibilidad de los recursos hidrobiol\u00f3gicos.<\/p>\n<p style=\"text-align: justify;\">El Dec\u00e1logo es un instrumento que busca propiciar el m\u00e1s amplio y activo compromiso de los diferentes actores vinculados a la actividad pesquera y acu\u00edcola, con la protecci\u00f3n de los recursos hidrobiol\u00f3gicos, para fomentar una conciencia nacional en torno a este tema.<\/p>\n<p style=\"text-align: justify;\">Si bien el Dec\u00e1logo est\u00e1 dirigido a los diferentes agentes del sector pesquero, la ciudadan\u00eda puede contribuir con su cumplimiento, asumiendo un compromiso desde su rol como consumidor: respetando las vedas, conociendo las especies protegidas y frenando el consumo de las especies con tallas m\u00ednimas a las permitidas.<\/p>\n","protected":false},"excerpt":{"rendered":"<p>Con la informaci\u00f3n de: Andina.com.pe Con el prop\u00f3sito de informar a la poblaci\u00f3n sobre la importancia del consumo responsable de los recursos hidrobiol\u00f3gicos y lograr as\u00ed la sostenibilidad de esas especies, el Ministerio de la Producci\u00f3n, Produce, difunde la campa\u00f1a \u201cPesca Responsable\u201d en todo el pa\u00eds. Con ello, se busca sensibilizar a la poblaci\u00f3n sobre [&hellip;]<\/p>\n","protected":false},"author":2,"featured_media":12045,"comment_status":"open","ping_status":"open","sticky":false,"template":"","format":"standard","meta":{"footnotes":""},"categories":[78,63,67,72],"tags":[],"class_list":["post-12044","post","type-post","status-publish","format-standard","has-post-thumbnail","hentry","category-nacionales","category-noticias","category-pesqueria","category-regionales"],"_links":{"self":[{"href":"http:\/\/www.perupesquero.org\/web\/wp-json\/wp\/v2\/posts\/12044","targetHints":{"allow":["GET"]}}],"collection":[{"href":"http:\/\/www.perupesquero.org\/web\/wp-json\/wp\/v2\/posts"}],"about":[{"href":"http:\/\/www.perupesquero.org\/web\/wp-json\/wp\/v2\/types\/post"}],"author":[{"embeddable":true,"href":"http:\/\/www.perupesquero.org\/web\/wp-json\/wp\/v2\/users\/2"}],"replies":[{"embeddable":true,"href":"http:\/\/www.perupesquero.org\/web\/wp-json\/wp\/v2\/comments?post=12044"}],"version-history":[{"count":2,"href":"http:\/\/www.perupesquero.org\/web\/wp-json\/wp\/v2\/posts\/12044\/revisions"}],"predecessor-version":[{"id":12047,"href":"http:\/\/www.perupesquero.org\/web\/wp-json\/wp\/v2\/posts\/12044\/revisions\/12047"}],"wp:featuredmedia":[{"embeddable":true,"href":"http:\/\/www.perupesquero.org\/web\/wp-json\/wp\/v2\/media\/12045"}],"wp:attachment":[{"href":"http:\/\/www.perupesquero.org\/web\/wp-json\/wp\/v2\/media?parent=12044"}],"wp:term":[{"taxonomy":"category","embeddable":true,"href":"http:\/\/www.perupesquero.org\/web\/wp-json\/wp\/v2\/categories?post=12044"},{"taxonomy":"post_tag","embeddable":true,"href":"http:\/\/www.perupesquero.org\/web\/wp-json\/wp\/v2\/tags?post=12044"}],"curies":[{"name":"wp","href":"https:\/\/api.w.org\/{rel}","templated":true}]}}