{"id":11822,"date":"2016-12-07T20:45:58","date_gmt":"2016-12-08T01:45:58","guid":{"rendered":"http:\/\/www.perupesquero.org\/web\/?p=11822"},"modified":"2016-12-07T20:49:37","modified_gmt":"2016-12-08T01:49:37","slug":"ministro-giuffra-impulsara-politica-de-simplificacion-de-tramites-para-aumentar-productividad-de-empresas","status":"publish","type":"post","link":"http:\/\/www.perupesquero.org\/web\/ministro-giuffra-impulsara-politica-de-simplificacion-de-tramites-para-aumentar-productividad-de-empresas\/","title":{"rendered":"Ministro Giuffra: \u201cImpulsa pol\u00edtica de simplificaci\u00f3n de tr\u00e1mites para aumentar productividad de empresas\u201d"},"content":{"rendered":"<p style=\"text-align: justify;\">El Ministro de la Producci\u00f3n, Bruno Giuffra, se\u00f1al\u00f3 que el Per\u00fa viene impulsando una f\u00e9rrea pol\u00edtica de simplificaci\u00f3n de tr\u00e1mites para el aumento de la productividad de las empresas, dejando de lado la burocracia ligada a su conformaci\u00f3n.<\/p>\n<p style=\"text-align: justify;\">Por ello, su gesti\u00f3n busca lograr que la vida del empresario sea m\u00e1s sencilla y sus proyectos surjan sin mayor dificultad, precis\u00f3 durante su participaci\u00f3n en la Conferencia Internacional y Reuni\u00f3n Ministerial \u201cProductividad y Crecimiento Inclusivo\u201d, que se realiz\u00f3 en Santiago de Chile los d\u00edas 5 y 6 de diciembre.<\/p>\n<p style=\"text-align: justify;\">Explic\u00f3 que se ha lanzado un plan simplificador que ya empieza a dar resultados. \u201cQueremos que todos los sectores tengan el terreno limpio para que surjan aquellos cuyas ventajas comparativas sean claras y evidentes\u201d, destac\u00f3.<\/p>\n<p style=\"text-align: justify;\">Tambi\u00e9n subray\u00f3 que se apuesta fuertemente por el uso de la tecnolog\u00eda como mecanismo puente para atraer al informal hacia la formalidad. \u201cDe esa manera, adem\u00e1s, se impactar\u00e1 transversalmente en la productividad de las peque\u00f1as empresas y por ende, en el pa\u00eds\u201d, asegur\u00f3.<\/p>\n<p style=\"text-align: justify;\">Giuffra, intervino en el Panel Ministerial Crecimiento de la Productividad en Am\u00e9rica Latina, en el que comparti\u00f3 an\u00e1lisis con el ministro de la Producci\u00f3n de Argentina, Francisco Cabrera; y con su hom\u00f3logo de Econom\u00eda, Fomento y Turismo de Chile, Luis Felipe C\u00e9spedes.<\/p>\n<p style=\"text-align: justify;\">La actividad tuvo como objetivo analizar y debatir sobre los principales desaf\u00edos de la productividad en Latinoam\u00e9rica. Fue organizada por el Gobierno de Chile, conjuntamente con la Organizaci\u00f3n para la Cooperaci\u00f3n y el Desarrollo Econ\u00f3mico (OCDE) y el Banco Interamericano de Desarrollo (BID), y se enmarca dentro del Programa Regional de la OCDE para Am\u00e9rica Latina y el Caribe y el Foro Global de Productividad.<\/p>\n<p style=\"text-align: justify;\">Por su parte, el viceministro de MYPE e Industria, Juan Carlos Mathews, particip\u00f3 de la presentaci\u00f3n del informe de la OCDE y el BID: \u201cPanorama de las Administraciones P\u00fablicas en Am\u00e9rica Latina y El Caribe 2017\u201d, donde enfatiz\u00f3 su utilidad, debido a que sirve dereferencia de buenas pr\u00e1cticas y como indicador de impacto en la gesti\u00f3n p\u00fablica.<\/p>\n<p style=\"text-align: justify;\">La productividad es uno de los principales factores para un crecimiento alto y sostenido. Pero a la vez, es un elemento calve para generar inclusi\u00f3n social y lograr que los beneficios del crecimiento mejoren la calidad de vida de todos los ciudadanos.<\/p>\n<p style=\"text-align: justify;\">Por ello, la discusi\u00f3n acerca de los desaf\u00edos de la productividad y el rol de las pol\u00edticas p\u00fablicas, se ha transformado en una de las prioridades de la agenda internacional.<\/p>\n","protected":false},"excerpt":{"rendered":"<p>El Ministro de la Producci\u00f3n, Bruno Giuffra, se\u00f1al\u00f3 que el Per\u00fa viene impulsando una f\u00e9rrea pol\u00edtica de simplificaci\u00f3n de tr\u00e1mites para el aumento de la productividad de las empresas, dejando de lado la burocracia ligada a su conformaci\u00f3n. Por ello, su gesti\u00f3n busca lograr que la vida del empresario sea m\u00e1s sencilla y sus proyectos [&hellip;]<\/p>\n","protected":false},"author":2,"featured_media":11823,"comment_status":"open","ping_status":"open","sticky":false,"template":"","format":"standard","meta":{"footnotes":""},"categories":[77,78,63,67,69,72],"tags":[1944],"class_list":["post-11822","post","type-post","status-publish","format-standard","has-post-thumbnail","hentry","category-internacionales","category-nacionales","category-noticias","category-pesqueria","category-politica","category-regionales","tag-ministro-giuffra-impulsara-politica-de-simplificacion-de-tramites-para-aumentar-productividad-de-empresas"],"_links":{"self":[{"href":"http:\/\/www.perupesquero.org\/web\/wp-json\/wp\/v2\/posts\/11822","targetHints":{"allow":["GET"]}}],"collection":[{"href":"http:\/\/www.perupesquero.org\/web\/wp-json\/wp\/v2\/posts"}],"about":[{"href":"http:\/\/www.perupesquero.org\/web\/wp-json\/wp\/v2\/types\/post"}],"author":[{"embeddable":true,"href":"http:\/\/www.perupesquero.org\/web\/wp-json\/wp\/v2\/users\/2"}],"replies":[{"embeddable":true,"href":"http:\/\/www.perupesquero.org\/web\/wp-json\/wp\/v2\/comments?post=11822"}],"version-history":[{"count":2,"href":"http:\/\/www.perupesquero.org\/web\/wp-json\/wp\/v2\/posts\/11822\/revisions"}],"predecessor-version":[{"id":11825,"href":"http:\/\/www.perupesquero.org\/web\/wp-json\/wp\/v2\/posts\/11822\/revisions\/11825"}],"wp:featuredmedia":[{"embeddable":true,"href":"http:\/\/www.perupesquero.org\/web\/wp-json\/wp\/v2\/media\/11823"}],"wp:attachment":[{"href":"http:\/\/www.perupesquero.org\/web\/wp-json\/wp\/v2\/media?parent=11822"}],"wp:term":[{"taxonomy":"category","embeddable":true,"href":"http:\/\/www.perupesquero.org\/web\/wp-json\/wp\/v2\/categories?post=11822"},{"taxonomy":"post_tag","embeddable":true,"href":"http:\/\/www.perupesquero.org\/web\/wp-json\/wp\/v2\/tags?post=11822"}],"curies":[{"name":"wp","href":"https:\/\/api.w.org\/{rel}","templated":true}]}}